{"id":16288,"date":"2018-02-23T12:39:53","date_gmt":"2018-02-23T12:39:53","guid":{"rendered":"https:\/\/armstrongyregion.com.ar\/diario\/?p=16288"},"modified":"2018-02-23T12:39:53","modified_gmt":"2018-02-23T12:39:53","slug":"canada-de-gomez-hoy-comienzan-las-tres-lunas","status":"publish","type":"post","link":"https:\/\/armstrongyregion.com.ar\/diario\/canada-de-gomez-hoy-comienzan-las-tres-lunas\/","title":{"rendered":"Ca\u00f1ada de G\u00f3mez. Hoy comienzan Las Tres Lunas."},"content":{"rendered":"<p><a href=\"http:\/\/armstrongyregion.com.ar\/diario\/wp-content\/uploads\/2018\/02\/tres-lunas-.jpg\"><img loading=\"lazy\" decoding=\"async\" src=\"http:\/\/armstrongyregion.com.ar\/diario\/wp-content\/uploads\/2018\/02\/tres-lunas-.jpg\" alt=\"tres-lunas-\" width=\"768\" height=\"512\" class=\"alignnone size-full wp-image-16289\" srcset=\"https:\/\/armstrongyregion.com.ar\/diario\/wp-content\/uploads\/2018\/02\/tres-lunas-.jpg 768w, https:\/\/armstrongyregion.com.ar\/diario\/wp-content\/uploads\/2018\/02\/tres-lunas--300x200.jpg 300w\" sizes=\"auto, (max-width: 768px) 100vw, 768px\" \/><\/a>Municipio ultima detalles en el predio V\u00edctor y Agulino Carbonari. Esta primera noche el cierre estar\u00e1 a cargo de Fabricio Rodr\u00edguez.<\/p>\n<p>La 31\u00ba edici\u00f3n del Festival Las Tres Lunas de Ca\u00f1ada comienza este viernes y en este sentido desde el Municipio se ultiman detalles en el predio V\u00edctor y Agulino Carbonari con el armado del escenario, sector de plateas y hermoseado del lugar.<br \/>\nLa intendenta Stella Cl\u00e9rici y el presidente de la comisi\u00f3n organizadora del festival Juan Carlos Tocalli recorrieron los trabajos, destacando: \u201cA partir de un importante trabajo de la gesti\u00f3n municipal y la comisi\u00f3n se logr\u00f3 una grilla con m\u00e1s de cuarenta artistas y un cierre cada noche con figuras de nivel nacional\u201d.<br \/>\nLas plateas se vender\u00e1n este viernes en municipalidad y durante las tres noches en el festival.<br \/>\nA continuaci\u00f3n, la grilla sujeta  a modificaci\u00f3n:<br \/>\nVIERNES 23<br \/>\nTALLER HUAYRA MACHU Y CENTRO DE JUBILADOS DE VILLA ELOISA<br \/>\nBRIAN GALARZA<br \/>\nACADEMIA DE DANZAS DEL CLUB SARMIENTO<br \/>\nLA REVUELTA<br \/>\nAPERTURA<br \/>\nCARLA OLIVA<br \/>\nBALLET DANZA CON ALMA<br \/>\nBAGUALES (SANTA FE)<br \/>\nORQUESTA MUNICIPAL DE TANGO<br \/>\nBALLET CA\u00d1ADA DE GOMEZ DEL CLUB SARMIENTO<br \/>\nFRANCO MASSIGNANI<br \/>\nLOS LEGUEROS DEL LITORAL<br \/>\nFABRICIO RODRIGUEZ<\/p>\n","protected":false},"excerpt":{"rendered":"<p>Municipio ultima detalles en el predio V\u00edctor y Agulino Carbonari. Esta primera noche el cierre estar\u00e1 a cargo de Fabricio Rodr\u00edguez. La 31\u00ba edici\u00f3n del Festival Las Tres Lunas de Ca\u00f1ada comienza este viernes y en este sentido desde el Municipio se ultiman detalles en el predio V\u00edctor y Agulino Carbonari con el armado del <a href=\"https:\/\/armstrongyregion.com.ar\/diario\/canada-de-gomez-hoy-comienzan-las-tres-lunas\/\" title=\"Read more\" >&#8230;<\/a><\/p>\n","protected":false},"author":1,"featured_media":16289,"comment_status":"open","ping_status":"open","sticky":false,"template":"","format":"standard","meta":{"_jetpack_memberships_contains_paid_content":false,"footnotes":"","jetpack_publicize_message":"","jetpack_publicize_feature_enabled":true,"jetpack_social_post_already_shared":false,"jetpack_social_options":{"image_generator_settings":{"template":"highway","default_image_id":0,"enabled":false},"version":2}},"categories":[6,8,1,3],"tags":[840,839,23,335,43],"class_list":["post-16288","post","type-post","status-publish","format-standard","has-post-thumbnail","hentry","category-cultura-entretenimiento","category-deliberando","category-diario-armstrong","category-region","tag-comienzan","tag-hoy","tag-las","tag-lunas","tag-tres"],"jetpack_publicize_connections":[],"jetpack_featured_media_url":"https:\/\/armstrongyregion.com.ar\/diario\/wp-content\/uploads\/2018\/02\/tres-lunas-.jpg","jetpack_shortlink":"https:\/\/wp.me\/p62QDO-4eI","jetpack_sharing_enabled":true,"amp_enabled":true,"_links":{"self":[{"href":"https:\/\/armstrongyregion.com.ar\/diario\/wp-json\/wp\/v2\/posts\/16288","targetHints":{"allow":["GET"]}}],"collection":[{"href":"https:\/\/armstrongyregion.com.ar\/diario\/wp-json\/wp\/v2\/posts"}],"about":[{"href":"https:\/\/armstrongyregion.com.ar\/diario\/wp-json\/wp\/v2\/types\/post"}],"author":[{"embeddable":true,"href":"https:\/\/armstrongyregion.com.ar\/diario\/wp-json\/wp\/v2\/users\/1"}],"replies":[{"embeddable":true,"href":"https:\/\/armstrongyregion.com.ar\/diario\/wp-json\/wp\/v2\/comments?post=16288"}],"version-history":[{"count":0,"href":"https:\/\/armstrongyregion.com.ar\/diario\/wp-json\/wp\/v2\/posts\/16288\/revisions"}],"wp:featuredmedia":[{"embeddable":true,"href":"https:\/\/armstrongyregion.com.ar\/diario\/wp-json\/wp\/v2\/media\/16289"}],"wp:attachment":[{"href":"https:\/\/armstrongyregion.com.ar\/diario\/wp-json\/wp\/v2\/media?parent=16288"}],"wp:term":[{"taxonomy":"category","embeddable":true,"href":"https:\/\/armstrongyregion.com.ar\/diario\/wp-json\/wp\/v2\/categories?post=16288"},{"taxonomy":"post_tag","embeddable":true,"href":"https:\/\/armstrongyregion.com.ar\/diario\/wp-json\/wp\/v2\/tags?post=16288"}],"curies":[{"name":"wp","href":"https:\/\/api.w.org\/{rel}","templated":true}]}}