{"id":16264,"date":"2018-02-21T13:00:58","date_gmt":"2018-02-21T13:00:58","guid":{"rendered":"https:\/\/armstrongyregion.com.ar\/diario\/?p=16264"},"modified":"2018-02-21T13:00:58","modified_gmt":"2018-02-21T13:00:58","slug":"verano-en-tu-ciudad-2018-semana-4","status":"publish","type":"post","link":"https:\/\/armstrongyregion.com.ar\/diario\/verano-en-tu-ciudad-2018-semana-4\/","title":{"rendered":"Verano en tu Ciudad 2018 Semana 4"},"content":{"rendered":"<p>La Municipalidad de Armstrong a trav\u00e9s del Departamento de Juventud invita a grandes y chicos a participar de una nueva semana del ciclo \u201cVerano en tu Ciudad\u201d que se desarrollar\u00e1 en Plaza 5 de Junio desde las 20 hs.<\/p>\n<p>La actividad comienza el mi\u00e9rcoles 21 de febrero con una clase de folclore a cargo de los profesores Alejandra Cabrera y Franco Ariza donde podr\u00e1n participar las personas que no tengan ning\u00fan tipo de conocimiento sobre estas danzas. <\/p>\n<p>Tambi\u00e9n se brindar\u00e1 el taller de reciclado a cargo de las profesoras Marina Duvini y Jimena Maldonado, y se recomienda llevar ropa que pueda ensuciarse sin problemas. <\/p>\n<p>El jueves 22, Cinerama presenta la pel\u00edcula Cars 3: Sorprendido por una nueva generaci\u00f3n de corredores ultrarr\u00e1pidos, el legendario Rayo McQueen queda relegado repentinamente del deporte que tanto ama. Para retomar su carrera, va a necesitar la ayuda de una joven mec\u00e1nica de carreras, Cruz Ram\u00edrez, que tiene su propio plan para ganar, adem\u00e1s de la inspiraci\u00f3n del fallecido Fabuloso Hudson Hornet y un par de giros inesperados. \u00a1Y para probar que el n\u00ba95 no est\u00e1 ni mucho menos acabado, el campe\u00f3n tendr\u00e1 que poner a prueba su val\u00eda en el gran circuito de la Copa Piston! <\/p>\n<p>Entrada libre y gratuita. El p\u00fablico podr\u00e1 llevar al lugar su reposera, conservadora y\/o equipo de mate y, en caso de lluvia, se suspende la fecha.<\/p>\n","protected":false},"excerpt":{"rendered":"<p>La Municipalidad de Armstrong a trav\u00e9s del Departamento de Juventud invita a grandes y chicos a participar de una nueva semana del ciclo \u201cVerano en tu Ciudad\u201d que se desarrollar\u00e1 en Plaza 5 de Junio desde las 20 hs. La actividad comienza el mi\u00e9rcoles 21 de febrero con una clase de folclore a cargo de <a href=\"https:\/\/armstrongyregion.com.ar\/diario\/verano-en-tu-ciudad-2018-semana-4\/\" title=\"Read more\" >&#8230;<\/a><\/p>\n","protected":false},"author":2,"featured_media":16262,"comment_status":"open","ping_status":"open","sticky":false,"template":"","format":"standard","meta":{"_jetpack_memberships_contains_paid_content":false,"footnotes":"","jetpack_publicize_message":"","jetpack_publicize_feature_enabled":true,"jetpack_social_post_already_shared":false,"jetpack_social_options":{"image_generator_settings":{"template":"highway","default_image_id":0,"enabled":false},"version":2}},"categories":[1,2],"tags":[6420],"class_list":["post-16264","post","type-post","status-publish","format-standard","has-post-thumbnail","hentry","category-diario-armstrong","category-locales","tag-verano-armstrong"],"jetpack_publicize_connections":[],"jetpack_featured_media_url":"https:\/\/armstrongyregion.com.ar\/diario\/wp-content\/uploads\/2018\/02\/VTC-2018-semana4.jpg","jetpack_shortlink":"https:\/\/wp.me\/p62QDO-4ek","jetpack_sharing_enabled":true,"amp_enabled":true,"_links":{"self":[{"href":"https:\/\/armstrongyregion.com.ar\/diario\/wp-json\/wp\/v2\/posts\/16264","targetHints":{"allow":["GET"]}}],"collection":[{"href":"https:\/\/armstrongyregion.com.ar\/diario\/wp-json\/wp\/v2\/posts"}],"about":[{"href":"https:\/\/armstrongyregion.com.ar\/diario\/wp-json\/wp\/v2\/types\/post"}],"author":[{"embeddable":true,"href":"https:\/\/armstrongyregion.com.ar\/diario\/wp-json\/wp\/v2\/users\/2"}],"replies":[{"embeddable":true,"href":"https:\/\/armstrongyregion.com.ar\/diario\/wp-json\/wp\/v2\/comments?post=16264"}],"version-history":[{"count":0,"href":"https:\/\/armstrongyregion.com.ar\/diario\/wp-json\/wp\/v2\/posts\/16264\/revisions"}],"wp:featuredmedia":[{"embeddable":true,"href":"https:\/\/armstrongyregion.com.ar\/diario\/wp-json\/wp\/v2\/media\/16262"}],"wp:attachment":[{"href":"https:\/\/armstrongyregion.com.ar\/diario\/wp-json\/wp\/v2\/media?parent=16264"}],"wp:term":[{"taxonomy":"category","embeddable":true,"href":"https:\/\/armstrongyregion.com.ar\/diario\/wp-json\/wp\/v2\/categories?post=16264"},{"taxonomy":"post_tag","embeddable":true,"href":"https:\/\/armstrongyregion.com.ar\/diario\/wp-json\/wp\/v2\/tags?post=16264"}],"curies":[{"name":"wp","href":"https:\/\/api.w.org\/{rel}","templated":true}]}}