{"id":16255,"date":"2018-02-20T02:08:03","date_gmt":"2018-02-20T02:08:03","guid":{"rendered":"https:\/\/armstrongyregion.com.ar\/diario\/?p=16255"},"modified":"2018-02-20T02:08:03","modified_gmt":"2018-02-20T02:08:03","slug":"armstrong-inscripciones-2018-de-sabores-y-colores-locales","status":"publish","type":"post","link":"https:\/\/armstrongyregion.com.ar\/diario\/armstrong-inscripciones-2018-de-sabores-y-colores-locales\/","title":{"rendered":"Armstrong.  Inscripciones 2018 de Sabores y Colores Locales."},"content":{"rendered":"<p><a href=\"http:\/\/armstrongyregion.com.ar\/diario\/wp-content\/uploads\/2018\/02\/coloresysabores-2.jpg\"><img loading=\"lazy\" decoding=\"async\" src=\"http:\/\/armstrongyregion.com.ar\/diario\/wp-content\/uploads\/2018\/02\/coloresysabores-2.jpg\" alt=\"coloresysabores (2)\" width=\"768\" height=\"463\" class=\"alignnone size-full wp-image-16256\" srcset=\"https:\/\/armstrongyregion.com.ar\/diario\/wp-content\/uploads\/2018\/02\/coloresysabores-2.jpg 768w, https:\/\/armstrongyregion.com.ar\/diario\/wp-content\/uploads\/2018\/02\/coloresysabores-2-300x181.jpg 300w\" sizes=\"auto, (max-width: 768px) 100vw, 768px\" \/><\/a>La Municipalidad de Armstrong informa que se encuentra abierta la inscripci\u00f3n para feriantes, artesanos  y microemprendedores que deseen participar de Sabores y Colores Locales durante el transcurso del a\u00f1o.<br \/>\nLos interesados podr\u00e1n inscribirse en la Secretar\u00eda de Desarrollo Econ\u00f3mico y Productivo, de lunes a viernes de 7 a 12 hs, en Facebook: Sabores y colores Armstrong, o llamar al 03471-15583895 (Brenda Carmona).<br \/>\nTanto las personas que se inscriban por primera vez como a los feriantes que vienen trabajando desde a\u00f1os anteriores deber\u00e1n completar el formulario de inscripci\u00f3n.<br \/>\nMuchas gracias.<\/p>\n","protected":false},"excerpt":{"rendered":"<p>La Municipalidad de Armstrong informa que se encuentra abierta la inscripci\u00f3n para feriantes, artesanos y microemprendedores que deseen participar de Sabores y Colores Locales durante el transcurso del a\u00f1o. Los interesados podr\u00e1n inscribirse en la Secretar\u00eda de Desarrollo Econ\u00f3mico y Productivo, de lunes a viernes de 7 a 12 hs, en Facebook: Sabores y colores <a href=\"https:\/\/armstrongyregion.com.ar\/diario\/armstrong-inscripciones-2018-de-sabores-y-colores-locales\/\" title=\"Read more\" >&#8230;<\/a><\/p>\n","protected":false},"author":1,"featured_media":16256,"comment_status":"open","ping_status":"open","sticky":false,"template":"","format":"standard","meta":{"_jetpack_memberships_contains_paid_content":false,"footnotes":"","jetpack_publicize_message":"","jetpack_publicize_feature_enabled":true,"jetpack_social_post_already_shared":false,"jetpack_social_options":{"image_generator_settings":{"template":"highway","default_image_id":0,"enabled":false},"version":2}},"categories":[6,8,1,2],"tags":[6419],"class_list":["post-16255","post","type-post","status-publish","format-standard","has-post-thumbnail","hentry","category-cultura-entretenimiento","category-deliberando","category-diario-armstrong","category-locales","tag-armstrong-inscripciones-2018-de-sabores-y-colores-locales"],"jetpack_publicize_connections":[],"jetpack_featured_media_url":"https:\/\/armstrongyregion.com.ar\/diario\/wp-content\/uploads\/2018\/02\/coloresysabores-2.jpg","jetpack_shortlink":"https:\/\/wp.me\/p62QDO-4eb","jetpack_sharing_enabled":true,"amp_enabled":true,"_links":{"self":[{"href":"https:\/\/armstrongyregion.com.ar\/diario\/wp-json\/wp\/v2\/posts\/16255","targetHints":{"allow":["GET"]}}],"collection":[{"href":"https:\/\/armstrongyregion.com.ar\/diario\/wp-json\/wp\/v2\/posts"}],"about":[{"href":"https:\/\/armstrongyregion.com.ar\/diario\/wp-json\/wp\/v2\/types\/post"}],"author":[{"embeddable":true,"href":"https:\/\/armstrongyregion.com.ar\/diario\/wp-json\/wp\/v2\/users\/1"}],"replies":[{"embeddable":true,"href":"https:\/\/armstrongyregion.com.ar\/diario\/wp-json\/wp\/v2\/comments?post=16255"}],"version-history":[{"count":0,"href":"https:\/\/armstrongyregion.com.ar\/diario\/wp-json\/wp\/v2\/posts\/16255\/revisions"}],"wp:featuredmedia":[{"embeddable":true,"href":"https:\/\/armstrongyregion.com.ar\/diario\/wp-json\/wp\/v2\/media\/16256"}],"wp:attachment":[{"href":"https:\/\/armstrongyregion.com.ar\/diario\/wp-json\/wp\/v2\/media?parent=16255"}],"wp:term":[{"taxonomy":"category","embeddable":true,"href":"https:\/\/armstrongyregion.com.ar\/diario\/wp-json\/wp\/v2\/categories?post=16255"},{"taxonomy":"post_tag","embeddable":true,"href":"https:\/\/armstrongyregion.com.ar\/diario\/wp-json\/wp\/v2\/tags?post=16255"}],"curies":[{"name":"wp","href":"https:\/\/api.w.org\/{rel}","templated":true}]}}