{"id":16242,"date":"2018-02-19T09:50:54","date_gmt":"2018-02-19T09:50:54","guid":{"rendered":"https:\/\/armstrongyregion.com.ar\/diario\/?p=16242"},"modified":"2018-02-19T10:09:36","modified_gmt":"2018-02-19T10:09:36","slug":"proyectan-una-escuela-de-tenis-adaptado-en-armstrong","status":"publish","type":"post","link":"https:\/\/armstrongyregion.com.ar\/diario\/proyectan-una-escuela-de-tenis-adaptado-en-armstrong\/","title":{"rendered":"Proyectan una escuela de tenis adaptado en Armstrong."},"content":{"rendered":"<p><a href=\"http:\/\/armstrongyregion.com.ar\/diario\/wp-content\/uploads\/2018\/02\/tenis-1-.jpg\"><img loading=\"lazy\" decoding=\"async\" src=\"http:\/\/armstrongyregion.com.ar\/diario\/wp-content\/uploads\/2018\/02\/tenis-1--1024x768.jpg\" alt=\"tenis-1-\" width=\"800\" height=\"600\" class=\"alignnone size-large wp-image-16243\" srcset=\"https:\/\/armstrongyregion.com.ar\/diario\/wp-content\/uploads\/2018\/02\/tenis-1--1024x768.jpg 1024w, https:\/\/armstrongyregion.com.ar\/diario\/wp-content\/uploads\/2018\/02\/tenis-1--300x225.jpg 300w, https:\/\/armstrongyregion.com.ar\/diario\/wp-content\/uploads\/2018\/02\/tenis-1-.jpg 1280w\" sizes=\"auto, (max-width: 800px) 100vw, 800px\" \/><\/a>Con ese objetivo la Fundaci\u00f3n Estar Eduardo Schwank (FEES) se reuni\u00f3 con referentes e instituciones de esa ciudad.<br \/>\nEn ese encuentro particip\u00f3 el tenista armstronense Facundo Bagnis (actualmente participante del ATP), y el propio Eduardo Schwank.<\/p>\n<p><a href=\"http:\/\/armstrongyregion.com.ar\/diario\/wp-content\/uploads\/2018\/02\/tenis-2-.jpg\"><img loading=\"lazy\" decoding=\"async\" src=\"http:\/\/armstrongyregion.com.ar\/diario\/wp-content\/uploads\/2018\/02\/tenis-2--1024x590.jpg\" alt=\"tenis-2-\" width=\"800\" height=\"461\" class=\"alignnone size-large wp-image-16244\" srcset=\"https:\/\/armstrongyregion.com.ar\/diario\/wp-content\/uploads\/2018\/02\/tenis-2--1024x590.jpg 1024w, https:\/\/armstrongyregion.com.ar\/diario\/wp-content\/uploads\/2018\/02\/tenis-2--300x173.jpg 300w, https:\/\/armstrongyregion.com.ar\/diario\/wp-content\/uploads\/2018\/02\/tenis-2-.jpg 1166w\" sizes=\"auto, (max-width: 800px) 100vw, 800px\" \/><\/a>Estuvieron presentes Marcelo Rocha (psic\u00f3logo, de FEES), Sergio Rullo (FEES), Viviana Dial (de la Escuela Especial), Ariana Nievas (grupo Juntos por la Inclusi\u00f3n), Sof\u00eda Castro (profesora de educaci\u00f3n f\u00edsica), Pablo Vicio (profesor de tenis); Andr\u00e9s Garelli (comerciante). Marcos Di Santo (escuela tenis adaptado de Las Rosas), Horacio Tersoni (Club Defensores), Enzo Bagnis (padre de Facundo), y los concejales Emiliano Gramigna y Jes\u00fas Urqu\u00eda.<\/p>\n<p>De hacerse realidad est\u00e1 intenci\u00f3n nuevos j\u00f3venes con discapacidad podr\u00e1n acceder al derecho de practicar deportes en un club.<\/p>\n","protected":false},"excerpt":{"rendered":"<p>Con ese objetivo la Fundaci\u00f3n Estar Eduardo Schwank (FEES) se reuni\u00f3 con referentes e instituciones de esa ciudad. En ese encuentro particip\u00f3 el tenista armstronense Facundo Bagnis (actualmente participante del ATP), y el propio Eduardo Schwank. Estuvieron presentes Marcelo Rocha (psic\u00f3logo, de FEES), Sergio Rullo (FEES), Viviana Dial (de la Escuela Especial), Ariana Nievas (grupo <a href=\"https:\/\/armstrongyregion.com.ar\/diario\/proyectan-una-escuela-de-tenis-adaptado-en-armstrong\/\" title=\"Read more\" >&#8230;<\/a><\/p>\n","protected":false},"author":1,"featured_media":16243,"comment_status":"open","ping_status":"open","sticky":false,"template":"","format":"standard","meta":{"_jetpack_memberships_contains_paid_content":false,"footnotes":"","jetpack_publicize_message":"","jetpack_publicize_feature_enabled":true,"jetpack_social_post_already_shared":false,"jetpack_social_options":{"image_generator_settings":{"template":"highway","default_image_id":0,"enabled":false},"version":2}},"categories":[8,5,1,2,3],"tags":[6414],"class_list":["post-16242","post","type-post","status-publish","format-standard","has-post-thumbnail","hentry","category-deliberando","category-deportes","category-diario-armstrong","category-locales","category-region","tag-proyectan-una-escuela-de-tenis-adaptado-en-armstrong"],"jetpack_publicize_connections":[],"jetpack_featured_media_url":"https:\/\/armstrongyregion.com.ar\/diario\/wp-content\/uploads\/2018\/02\/tenis-1-.jpg","jetpack_shortlink":"https:\/\/wp.me\/p62QDO-4dY","jetpack_sharing_enabled":true,"amp_enabled":true,"_links":{"self":[{"href":"https:\/\/armstrongyregion.com.ar\/diario\/wp-json\/wp\/v2\/posts\/16242","targetHints":{"allow":["GET"]}}],"collection":[{"href":"https:\/\/armstrongyregion.com.ar\/diario\/wp-json\/wp\/v2\/posts"}],"about":[{"href":"https:\/\/armstrongyregion.com.ar\/diario\/wp-json\/wp\/v2\/types\/post"}],"author":[{"embeddable":true,"href":"https:\/\/armstrongyregion.com.ar\/diario\/wp-json\/wp\/v2\/users\/1"}],"replies":[{"embeddable":true,"href":"https:\/\/armstrongyregion.com.ar\/diario\/wp-json\/wp\/v2\/comments?post=16242"}],"version-history":[{"count":0,"href":"https:\/\/armstrongyregion.com.ar\/diario\/wp-json\/wp\/v2\/posts\/16242\/revisions"}],"wp:featuredmedia":[{"embeddable":true,"href":"https:\/\/armstrongyregion.com.ar\/diario\/wp-json\/wp\/v2\/media\/16243"}],"wp:attachment":[{"href":"https:\/\/armstrongyregion.com.ar\/diario\/wp-json\/wp\/v2\/media?parent=16242"}],"wp:term":[{"taxonomy":"category","embeddable":true,"href":"https:\/\/armstrongyregion.com.ar\/diario\/wp-json\/wp\/v2\/categories?post=16242"},{"taxonomy":"post_tag","embeddable":true,"href":"https:\/\/armstrongyregion.com.ar\/diario\/wp-json\/wp\/v2\/tags?post=16242"}],"curies":[{"name":"wp","href":"https:\/\/api.w.org\/{rel}","templated":true}]}}