{"id":16237,"date":"2018-02-18T16:37:03","date_gmt":"2018-02-18T16:37:03","guid":{"rendered":"https:\/\/armstrongyregion.com.ar\/diario\/?p=16237"},"modified":"2018-02-18T16:37:03","modified_gmt":"2018-02-18T16:37:03","slug":"bancarios-ratificaron-el-paro-de-lunes-y-martes","status":"publish","type":"post","link":"https:\/\/armstrongyregion.com.ar\/diario\/bancarios-ratificaron-el-paro-de-lunes-y-martes\/","title":{"rendered":"Bancarios ratificaron el paro de lunes y martes."},"content":{"rendered":"<p><a href=\"http:\/\/armstrongyregion.com.ar\/diario\/wp-content\/uploads\/2018\/02\/bancaria1.jpg\"><img loading=\"lazy\" decoding=\"async\" src=\"http:\/\/armstrongyregion.com.ar\/diario\/wp-content\/uploads\/2018\/02\/bancaria1.jpg\" alt=\"bancaria\" width=\"770\" height=\"433\" class=\"alignnone size-large wp-image-16239\" srcset=\"https:\/\/armstrongyregion.com.ar\/diario\/wp-content\/uploads\/2018\/02\/bancaria1.jpg 770w, https:\/\/armstrongyregion.com.ar\/diario\/wp-content\/uploads\/2018\/02\/bancaria1-300x169.jpg 300w\" sizes=\"auto, (max-width: 770px) 100vw, 770px\" \/><\/a>El secretario general del gremio, Sergio Palazzo, confirm\u00f3 la medida de fuerza de 48 horas en todo el pa\u00eds, en rechazo al aumento del 9% ofrecido por los bancos. El sindicalista pidi\u00f3 \u201cdisculpas y comprensi\u00f3n a la gente\u00bb. \u00abNo nos dejan otro camino\u00bb, asegur\u00f3.<br \/>\nEl secretario general de La Bancaria, Sergio Palazzo, ratific\u00f3 el paro nacional de 48 horas en todos los bancos del pa\u00eds para este lunes y martes, en rechazo al aumento del 9% ofrecido por los bancos.<br \/>\nEl sindicalista pidi\u00f3 este domingo \u201cdisculpas y comprensi\u00f3n a la gente, pero no nos dejan otro camino\u201d.<\/p>\n<p>En di\u00e1logo con medios porte\u00f1os, cuestion\u00f3 al gobierno al se\u00f1alar que \u201cel propio Banco Central est\u00e1 diciendo que la inflaci\u00f3n es de 19,4%\u00bb.<\/p>\n<p>\u201cSi pagan el 19,4 por ciento como dice el Banco Central con cl\u00e1usula gatillo retroactivo al primer d\u00eda del acuerdo, est\u00e1 todo bien y firmamos, no hay ning\u00fan problema\u201d, remarc\u00f3.<\/p>\n<p>\u201cEllos (los banqueros) han ofrecido un 9 por ciento de aumento y cuando la inflaci\u00f3n supere ese porcentaje, lo actualizan\u201d, explic\u00f3.<\/p>\n<p>Seg\u00fan Palazzo, por la oferta patronal \u201cun sueldo promedio pierde 33.000 pesos anualmente y un sueldo inicial 36.000&#8243;.<\/p>\n<p>\u00abEllos ya dijeron que no van a pagar un bono de fin de a\u00f1o que se cobra hace diez a\u00f1os y tampoco una parte del D\u00eda del Bancario\u201d, puntualiz\u00f3.<\/p>\n<p>El sindicalista ratific\u00f3 adem\u00e1s su participaci\u00f3n en la marcha del mi\u00e9rcoles convocada por el gremio de Camioneros, al considerar que se trata de una protesta contra la pol\u00edtica econ\u00f3mica y en reclamo de un aumento de emergencia a los jubilados.<\/p>\n<p>Fuente: T\u00e9lam<\/p>\n","protected":false},"excerpt":{"rendered":"<p>El secretario general del gremio, Sergio Palazzo, confirm\u00f3 la medida de fuerza de 48 horas en todo el pa\u00eds, en rechazo al aumento del 9% ofrecido por los bancos. El sindicalista pidi\u00f3 \u201cdisculpas y comprensi\u00f3n a la gente\u00bb. \u00abNo nos dejan otro camino\u00bb, asegur\u00f3. El secretario general de La Bancaria, Sergio Palazzo, ratific\u00f3 el paro <a href=\"https:\/\/armstrongyregion.com.ar\/diario\/bancarios-ratificaron-el-paro-de-lunes-y-martes\/\" title=\"Read more\" >&#8230;<\/a><\/p>\n","protected":false},"author":1,"featured_media":16239,"comment_status":"open","ping_status":"open","sticky":false,"template":"","format":"standard","meta":{"_jetpack_memberships_contains_paid_content":false,"footnotes":"","jetpack_publicize_message":"","jetpack_publicize_feature_enabled":true,"jetpack_social_post_already_shared":false,"jetpack_social_options":{"image_generator_settings":{"template":"highway","default_image_id":0,"enabled":false},"version":2}},"categories":[8,1,2,3],"tags":[6413],"class_list":["post-16237","post","type-post","status-publish","format-standard","has-post-thumbnail","hentry","category-deliberando","category-diario-armstrong","category-locales","category-region","tag-bancarios-ratificaron-el-paro-de-lunes-y-martes"],"jetpack_publicize_connections":[],"jetpack_featured_media_url":"https:\/\/armstrongyregion.com.ar\/diario\/wp-content\/uploads\/2018\/02\/bancaria1.jpg","jetpack_shortlink":"https:\/\/wp.me\/p62QDO-4dT","jetpack_sharing_enabled":true,"amp_enabled":true,"_links":{"self":[{"href":"https:\/\/armstrongyregion.com.ar\/diario\/wp-json\/wp\/v2\/posts\/16237","targetHints":{"allow":["GET"]}}],"collection":[{"href":"https:\/\/armstrongyregion.com.ar\/diario\/wp-json\/wp\/v2\/posts"}],"about":[{"href":"https:\/\/armstrongyregion.com.ar\/diario\/wp-json\/wp\/v2\/types\/post"}],"author":[{"embeddable":true,"href":"https:\/\/armstrongyregion.com.ar\/diario\/wp-json\/wp\/v2\/users\/1"}],"replies":[{"embeddable":true,"href":"https:\/\/armstrongyregion.com.ar\/diario\/wp-json\/wp\/v2\/comments?post=16237"}],"version-history":[{"count":0,"href":"https:\/\/armstrongyregion.com.ar\/diario\/wp-json\/wp\/v2\/posts\/16237\/revisions"}],"wp:featuredmedia":[{"embeddable":true,"href":"https:\/\/armstrongyregion.com.ar\/diario\/wp-json\/wp\/v2\/media\/16239"}],"wp:attachment":[{"href":"https:\/\/armstrongyregion.com.ar\/diario\/wp-json\/wp\/v2\/media?parent=16237"}],"wp:term":[{"taxonomy":"category","embeddable":true,"href":"https:\/\/armstrongyregion.com.ar\/diario\/wp-json\/wp\/v2\/categories?post=16237"},{"taxonomy":"post_tag","embeddable":true,"href":"https:\/\/armstrongyregion.com.ar\/diario\/wp-json\/wp\/v2\/tags?post=16237"}],"curies":[{"name":"wp","href":"https:\/\/api.w.org\/{rel}","templated":true}]}}