{"id":16234,"date":"2018-02-18T16:25:30","date_gmt":"2018-02-18T16:25:30","guid":{"rendered":"https:\/\/armstrongyregion.com.ar\/diario\/?p=16234"},"modified":"2018-02-18T16:25:30","modified_gmt":"2018-02-18T16:25:30","slug":"intendente-santafesino-denuncio-a-empresario-por-amenazas-de-muerte","status":"publish","type":"post","link":"https:\/\/armstrongyregion.com.ar\/diario\/intendente-santafesino-denuncio-a-empresario-por-amenazas-de-muerte\/","title":{"rendered":"Intendente santafesino denunci\u00f3 a empresario por amenazas de muerte."},"content":{"rendered":"<p><a href=\"http:\/\/armstrongyregion.com.ar\/diario\/wp-content\/uploads\/2018\/02\/vera.jpg_1305449671.jpg\"><img loading=\"lazy\" decoding=\"async\" src=\"http:\/\/armstrongyregion.com.ar\/diario\/wp-content\/uploads\/2018\/02\/vera.jpg_1305449671.jpg\" alt=\"vera.jpg_1305449671\" width=\"847\" height=\"476\" class=\"alignnone size-full wp-image-16235\" srcset=\"https:\/\/armstrongyregion.com.ar\/diario\/wp-content\/uploads\/2018\/02\/vera.jpg_1305449671.jpg 847w, https:\/\/armstrongyregion.com.ar\/diario\/wp-content\/uploads\/2018\/02\/vera.jpg_1305449671-300x169.jpg 300w\" sizes=\"auto, (max-width: 847px) 100vw, 847px\" \/><\/a>El jefe comunal de Vera, Reynaldo Fabbroni, present\u00f3 la demanda ante la Justicia provincial. Acus\u00f3 a un hombre vinculado a las carreras de caballos por amenazarlo en pleno municipio y ante varios testigos.<br \/>\nEl intendente de la ciudad santafesina de Vera, Reynaldo Fabbroni, denunci\u00f3 ante la Justicia provincial a un empresario vinculado a las carreras de caballos por amenazarlo de muerte en pleno municipio y ante varios testigos, informaron fuentes judiciales.<\/p>\n<p>En el caso de Fabbroni, se present\u00f3 a la Justicia el viernes, poco despu\u00e9s de cruzarse en el municipio con Navarro.<\/p>\n<p>El jefe comunal se entrevist\u00f3 con el fiscal del Ministerio P\u00fablico de la Acusaci\u00f3n (MPA), Mart\u00edn Gauna Chapero, porque supuestamente el empresario Miguel Navarro, due\u00f1o del hip\u00f3dromo situado frente al cementerio de Vera, lo amenaz\u00f3 de muerte a \u00e9l y a su secretaria de Gobierno, Natalia Hoyo.<\/p>\n<p>\u00abTe voy a matar, ya vas a salir a la calle, ya te voy a encontrar afuera y vas a ver\u00bb, fue la frase que le adjudic\u00f3 Fabbroni a Navarro, expresada ante algunos periodistas y empleados comunales que sirvieron como ocasionales testigos.<\/p>\n<p>Voceros de la causa se\u00f1alaron que Navarro lleg\u00f3 para quejarse ante el intendente por el funcionamiento de otros lugares donde se corren carreras, hecho que lo perjudicar\u00eda por su actividad, aunque allegados al jefe comunal dijeron que\u00bbno hay nada de eso\u00bb.<\/p>\n<p>Fabbroni cont\u00f3 que realiz\u00f3 la denuncia debido a la gravedad de las amenazas y porque \u00ablo peor\u00bb que podr\u00eda pasar \u00aba los verenses es que la historia se repita\u00bb, en alusi\u00f3n al homicidio del ex intendente Ra\u00fal Seco Encina, ocurrido el 23 de diciembre de 2008.<\/p>\n<p>Seco Encina fue asesinado a balazos por el due\u00f1o de un hip\u00f3dromo y ex candidato a la jefatura comunal, H\u00e9ctor Tregnaghi, quien recibi\u00f3 por el crimen una pena de 20 a\u00f1os de prisi\u00f3n.<br \/>\nRosario3.com<\/p>\n","protected":false},"excerpt":{"rendered":"<p>El jefe comunal de Vera, Reynaldo Fabbroni, present\u00f3 la demanda ante la Justicia provincial. Acus\u00f3 a un hombre vinculado a las carreras de caballos por amenazarlo en pleno municipio y ante varios testigos. El intendente de la ciudad santafesina de Vera, Reynaldo Fabbroni, denunci\u00f3 ante la Justicia provincial a un empresario vinculado a las carreras <a href=\"https:\/\/armstrongyregion.com.ar\/diario\/intendente-santafesino-denuncio-a-empresario-por-amenazas-de-muerte\/\" title=\"Read more\" >&#8230;<\/a><\/p>\n","protected":false},"author":1,"featured_media":16235,"comment_status":"open","ping_status":"open","sticky":false,"template":"","format":"standard","meta":{"_jetpack_memberships_contains_paid_content":false,"footnotes":"","jetpack_publicize_message":"","jetpack_publicize_feature_enabled":true,"jetpack_social_post_already_shared":false,"jetpack_social_options":{"image_generator_settings":{"template":"highway","default_image_id":0,"enabled":false},"version":2}},"categories":[1,2852,7,3],"tags":[6412],"class_list":["post-16234","post","type-post","status-publish","format-standard","has-post-thumbnail","hentry","category-diario-armstrong","category-policiales","category-politica","category-region","tag-intendente-santafesino-denuncio-a-empresario-por-amenazas-de-muerte"],"jetpack_publicize_connections":[],"jetpack_featured_media_url":"https:\/\/armstrongyregion.com.ar\/diario\/wp-content\/uploads\/2018\/02\/vera.jpg_1305449671.jpg","jetpack_shortlink":"https:\/\/wp.me\/p62QDO-4dQ","jetpack_sharing_enabled":true,"amp_enabled":true,"_links":{"self":[{"href":"https:\/\/armstrongyregion.com.ar\/diario\/wp-json\/wp\/v2\/posts\/16234","targetHints":{"allow":["GET"]}}],"collection":[{"href":"https:\/\/armstrongyregion.com.ar\/diario\/wp-json\/wp\/v2\/posts"}],"about":[{"href":"https:\/\/armstrongyregion.com.ar\/diario\/wp-json\/wp\/v2\/types\/post"}],"author":[{"embeddable":true,"href":"https:\/\/armstrongyregion.com.ar\/diario\/wp-json\/wp\/v2\/users\/1"}],"replies":[{"embeddable":true,"href":"https:\/\/armstrongyregion.com.ar\/diario\/wp-json\/wp\/v2\/comments?post=16234"}],"version-history":[{"count":0,"href":"https:\/\/armstrongyregion.com.ar\/diario\/wp-json\/wp\/v2\/posts\/16234\/revisions"}],"wp:featuredmedia":[{"embeddable":true,"href":"https:\/\/armstrongyregion.com.ar\/diario\/wp-json\/wp\/v2\/media\/16235"}],"wp:attachment":[{"href":"https:\/\/armstrongyregion.com.ar\/diario\/wp-json\/wp\/v2\/media?parent=16234"}],"wp:term":[{"taxonomy":"category","embeddable":true,"href":"https:\/\/armstrongyregion.com.ar\/diario\/wp-json\/wp\/v2\/categories?post=16234"},{"taxonomy":"post_tag","embeddable":true,"href":"https:\/\/armstrongyregion.com.ar\/diario\/wp-json\/wp\/v2\/tags?post=16234"}],"curies":[{"name":"wp","href":"https:\/\/api.w.org\/{rel}","templated":true}]}}