{"id":16213,"date":"2018-02-15T22:20:11","date_gmt":"2018-02-15T22:20:11","guid":{"rendered":"https:\/\/armstrongyregion.com.ar\/diario\/?p=16213"},"modified":"2018-02-15T22:37:47","modified_gmt":"2018-02-15T22:37:47","slug":"a-campo-abierto-con-una-nueva-edicion-en-armstrong","status":"publish","type":"post","link":"https:\/\/armstrongyregion.com.ar\/diario\/a-campo-abierto-con-una-nueva-edicion-en-armstrong\/","title":{"rendered":"\u201cA Campo Abierto\u201d, con una nueva edici\u00f3n en Armstrong."},"content":{"rendered":"<p><a href=\"http:\/\/armstrongyregion.com.ar\/diario\/wp-content\/uploads\/2018\/02\/campo-abierto-2.jpg\"><img loading=\"lazy\" decoding=\"async\" src=\"http:\/\/armstrongyregion.com.ar\/diario\/wp-content\/uploads\/2018\/02\/campo-abierto-2.jpg\" alt=\"campo-abierto-2\" width=\"960\" height=\"720\" class=\"alignnone size-full wp-image-16214\" srcset=\"https:\/\/armstrongyregion.com.ar\/diario\/wp-content\/uploads\/2018\/02\/campo-abierto-2.jpg 960w, https:\/\/armstrongyregion.com.ar\/diario\/wp-content\/uploads\/2018\/02\/campo-abierto-2-300x225.jpg 300w\" sizes=\"auto, (max-width: 960px) 100vw, 960px\" \/><\/a>La Asociaci\u00f3n de Cooperativas Argentinas (ACA) realizar\u00e1 la 15\u00b0 edici\u00f3n de su muestra \u201cA Campo Abierto\u201d, el mi\u00e9rcoles 21 de febrero en nuestra ciudad.<br \/>\nEn la tarde del jueves en conferencia de prensa los referentes de la organizaci\u00f3n Daniel Pettinari Gerente de la Cooperativa Agropecuaria, Marcela Silvi referente del C.C.I.R de Armstrong, Dante Forniglia integrante del Concejo Directivo y Jos\u00e9 Monti Ing. Zonal de semillas de la Asociaci\u00f3n de Coop. Argentinas en el centro-sur de Santa Fe, dejaron la invitaci\u00f3n abierta para todos los productores agropecuarios que quieran sumarse a esta muestra donde nuevamente Armstrong ser\u00e1 la anfitriona exponiendo el potencial en una gran demostraci\u00f3n de semillas, e insumos  tecnol\u00f3gicos.<br \/>\n\tEn las jornada, especialistas de ACA y las cooperativas co-organizadoras dar\u00e1n charlas sobre diversos temas de inter\u00e9s para los productores como: mercado de granos; agricultura por ambientes; conservaci\u00f3n del recurso suelo; importancia de la reposici\u00f3n de nutrientes; nuevas formulaciones de fitosanitarios; recuperaci\u00f3n de envases vac\u00edos de fitosanitarios; utilizaci\u00f3n de los silos bolsa y manejo integral de malezas.<br \/>\nAdem\u00e1s, habr\u00e1 un espacio especial para \u201cValor Ganadero\u201d, la marca de ACA que aglutina una serie de productos de muy alta productividad ganadera, entre ellos el sistema Ruter de crianza de terneros.<br \/>\nTambi\u00e9n se desarrollar\u00e1n micro conferencias, en auditorios montados para tal fin y quienes participen de los eventos podr\u00e1n acceder a toda la gama de insumos y servicios que ofrece ACA para el sector (semillas, fertilizantes, fitosanitarios, seguros agr\u00edcolas, nutrici\u00f3n animal, productos veterinarios) y con el asesoramiento de sus t\u00e9cnicos zonales.<br \/>\nACA viene realizando estas jornadas de manera ininterrumpida desde 2004 y lleva organizadas m\u00e1s de 40 muestras, de las que han participado m\u00e1s de 30.000 productores de todo el pa\u00eds.<br \/>\nSe podr\u00e1 retirar las invitaciones en las Cooperativas o Centros de ACA. <\/p>\n","protected":false},"excerpt":{"rendered":"<p>La Asociaci\u00f3n de Cooperativas Argentinas (ACA) realizar\u00e1 la 15\u00b0 edici\u00f3n de su muestra \u201cA Campo Abierto\u201d, el mi\u00e9rcoles 21 de febrero en nuestra ciudad. En la tarde del jueves en conferencia de prensa los referentes de la organizaci\u00f3n Daniel Pettinari Gerente de la Cooperativa Agropecuaria, Marcela Silvi referente del C.C.I.R de Armstrong, Dante Forniglia integrante <a href=\"https:\/\/armstrongyregion.com.ar\/diario\/a-campo-abierto-con-una-nueva-edicion-en-armstrong\/\" title=\"Read more\" >&#8230;<\/a><\/p>\n","protected":false},"author":1,"featured_media":16214,"comment_status":"open","ping_status":"open","sticky":false,"template":"","format":"standard","meta":{"_jetpack_memberships_contains_paid_content":false,"footnotes":"","jetpack_publicize_message":"","jetpack_publicize_feature_enabled":true,"jetpack_social_post_already_shared":false,"jetpack_social_options":{"image_generator_settings":{"template":"highway","default_image_id":0,"enabled":false},"version":2}},"categories":[6,8,1,2,3],"tags":[33,465,20,1924,388,13],"class_list":["post-16213","post","type-post","status-publish","format-standard","has-post-thumbnail","hentry","category-cultura-entretenimiento","category-deliberando","category-diario-armstrong","category-locales","category-region","tag-a","tag-abierto","tag-armstrong","tag-campo","tag-region-2","tag-y"],"jetpack_publicize_connections":[],"jetpack_featured_media_url":"https:\/\/armstrongyregion.com.ar\/diario\/wp-content\/uploads\/2018\/02\/campo-abierto-2.jpg","jetpack_shortlink":"https:\/\/wp.me\/p62QDO-4dv","jetpack_sharing_enabled":true,"amp_enabled":true,"_links":{"self":[{"href":"https:\/\/armstrongyregion.com.ar\/diario\/wp-json\/wp\/v2\/posts\/16213","targetHints":{"allow":["GET"]}}],"collection":[{"href":"https:\/\/armstrongyregion.com.ar\/diario\/wp-json\/wp\/v2\/posts"}],"about":[{"href":"https:\/\/armstrongyregion.com.ar\/diario\/wp-json\/wp\/v2\/types\/post"}],"author":[{"embeddable":true,"href":"https:\/\/armstrongyregion.com.ar\/diario\/wp-json\/wp\/v2\/users\/1"}],"replies":[{"embeddable":true,"href":"https:\/\/armstrongyregion.com.ar\/diario\/wp-json\/wp\/v2\/comments?post=16213"}],"version-history":[{"count":0,"href":"https:\/\/armstrongyregion.com.ar\/diario\/wp-json\/wp\/v2\/posts\/16213\/revisions"}],"wp:featuredmedia":[{"embeddable":true,"href":"https:\/\/armstrongyregion.com.ar\/diario\/wp-json\/wp\/v2\/media\/16214"}],"wp:attachment":[{"href":"https:\/\/armstrongyregion.com.ar\/diario\/wp-json\/wp\/v2\/media?parent=16213"}],"wp:term":[{"taxonomy":"category","embeddable":true,"href":"https:\/\/armstrongyregion.com.ar\/diario\/wp-json\/wp\/v2\/categories?post=16213"},{"taxonomy":"post_tag","embeddable":true,"href":"https:\/\/armstrongyregion.com.ar\/diario\/wp-json\/wp\/v2\/tags?post=16213"}],"curies":[{"name":"wp","href":"https:\/\/api.w.org\/{rel}","templated":true}]}}