{"id":16173,"date":"2018-02-12T01:45:36","date_gmt":"2018-02-12T01:45:36","guid":{"rendered":"https:\/\/armstrongyregion.com.ar\/diario\/?p=16173"},"modified":"2018-02-12T01:45:36","modified_gmt":"2018-02-12T01:45:36","slug":"canada-de-gomez-las-tres-lunas-tiene-su-grilla-confirmada","status":"publish","type":"post","link":"https:\/\/armstrongyregion.com.ar\/diario\/canada-de-gomez-las-tres-lunas-tiene-su-grilla-confirmada\/","title":{"rendered":"Ca\u00f1ada de G\u00f3mez. Las Tres Lunas tiene su grilla confirmada."},"content":{"rendered":"<p><a href=\"http:\/\/armstrongyregion.com.ar\/diario\/wp-content\/uploads\/2018\/02\/portada-3-lunas-2018-1.png\"><img loading=\"lazy\" decoding=\"async\" src=\"http:\/\/armstrongyregion.com.ar\/diario\/wp-content\/uploads\/2018\/02\/portada-3-lunas-2018-1.png\" alt=\"portada 3 lunas 2018 (1)\" width=\"800\" height=\"297\" class=\"alignnone size-full wp-image-16174\" srcset=\"https:\/\/armstrongyregion.com.ar\/diario\/wp-content\/uploads\/2018\/02\/portada-3-lunas-2018-1.png 800w, https:\/\/armstrongyregion.com.ar\/diario\/wp-content\/uploads\/2018\/02\/portada-3-lunas-2018-1-300x111.png 300w\" sizes=\"auto, (max-width: 800px) 100vw, 800px\" \/><\/a>M\u00e1s de cuarenta artistas de la ciudad y la regi\u00f3n subir\u00e1n al escenario en la 31\u00ba edici\u00f3n del festival. Fabricio Rodr\u00edguez, Trulala y Sergio Galleguilo los encargados de cerrar cada noche. Las plateas se venden en Municipalidad.<\/p>\n<p>Las Tres Lunas de Ca\u00f1ada de G\u00f3mez ya tiene su grilla confirmada para la 31\u00ba edici\u00f3n, del 23 al 25 de febrero pr\u00f3ximo, con m\u00e1s de cuarenta artistas de la ciudad y la regi\u00f3n que pasar\u00e1n por el escenario.<br \/>\nCon una gran apuesta de la comisi\u00f3n organizadora y la gesti\u00f3n municipal, los artistas de cierre ser\u00e1n el viernes Fabricio Rodr\u00edguez, s\u00e1bado Trulal\u00e1 y el domingo Sergio Galleguillo. Las plateas se venden en municipalidad de lunes a viernes de 9 a 12.30 hs, siendo el precio 50 pesos para viernes o s\u00e1bado y 100 pesos el domingo, mientras que el ingreso al predio es gratuito.<br \/>\nA continuaci\u00f3n, la grilla sujeta  a modificaci\u00f3n:<br \/>\nVIERNES 23<br \/>\nTALLER HUAYRA MACHU Y CENTRO DE JUBILADOS DE VILLA ELOISA<br \/>\nBRIAN GALARZA<br \/>\nACADEMIA DE DANZAS DEL CLUB SARMIENTO<br \/>\nLA REVUELTA<br \/>\nAPERTURA<br \/>\nCARLA OLIVA<br \/>\nBALLET DANZA CON ALMA<br \/>\nBAGUALES (SANTA FE)<br \/>\nORQUESTA MUNICIPAL DE TANGO<br \/>\nBALLET CA\u00d1ADA DE GOMEZ DEL CLUB SARMIENTO<br \/>\nFRANCO MASSIGNANI<br \/>\nLOS LEGUEROS DEL LITORAL<br \/>\nFABRICIO RODRIGUEZ<\/p>\n<p>SABADO 24<br \/>\nBALLET NUEVO AMANECER<br \/>\nCARINA SCHELL<br \/>\nGRUPO DE TANGO CAMBALACHE DE MILONGUEROS<br \/>\nCONFUSION<br \/>\nAPERTURA<br \/>\nGOLY CERIANI con MARIA BELEN<br \/>\nBALLET MI CIUDAD Y EL FOLKLORE<br \/>\nGANADOR GRUPO FOLKLORICO SUB SEDE BUSTINZA \u2013GRUPO AMISTAR (CAPITAN BERMUDEZ)<br \/>\nPOTROS DEL MALAMBO<br \/>\nLOS 4 DEL SUQUIA<br \/>\nBALLET POSTA DEL TOTORAL  (BUSTINZA)<br \/>\nTRULALA<br \/>\nJUNTADA PE\u00d1A LA AMANECIDA<br \/>\nTRULALA<\/p>\n<p>DOMINGO 25<br \/>\nJONY y PABLO<br \/>\nDIEGO ALOMO<br \/>\nNACOR ARAUCO<br \/>\nGANADOR SOLISTA SUB SEDE TOTORAS<br \/>\nSUSPENSO<br \/>\nGANADOR SOLISTA SUB SEDE BUSTINZA \u2013MARIA BELEN ALANIS (CORREA)<br \/>\nAPERTURA<br \/>\nCARGA PESADA<br \/>\nGANADOR GRUPO FOLKLORICO SUB SEDE TOTORAS<br \/>\nJULIETA MARUCCO<br \/>\nSERGIO GALLEGUILLO<\/p>\n","protected":false},"excerpt":{"rendered":"<p>M\u00e1s de cuarenta artistas de la ciudad y la regi\u00f3n subir\u00e1n al escenario en la 31\u00ba edici\u00f3n del festival. Fabricio Rodr\u00edguez, Trulala y Sergio Galleguilo los encargados de cerrar cada noche. Las plateas se venden en Municipalidad. Las Tres Lunas de Ca\u00f1ada de G\u00f3mez ya tiene su grilla confirmada para la 31\u00ba edici\u00f3n, del 23 <a href=\"https:\/\/armstrongyregion.com.ar\/diario\/canada-de-gomez-las-tres-lunas-tiene-su-grilla-confirmada\/\" title=\"Read more\" >&#8230;<\/a><\/p>\n","protected":false},"author":1,"featured_media":16174,"comment_status":"open","ping_status":"open","sticky":false,"template":"","format":"standard","meta":{"_jetpack_memberships_contains_paid_content":false,"footnotes":"","jetpack_publicize_message":"","jetpack_publicize_feature_enabled":true,"jetpack_social_post_already_shared":false,"jetpack_social_options":{"image_generator_settings":{"template":"highway","default_image_id":0,"enabled":false},"version":2}},"categories":[6,1,3],"tags":[6393],"class_list":["post-16173","post","type-post","status-publish","format-standard","has-post-thumbnail","hentry","category-cultura-entretenimiento","category-diario-armstrong","category-region","tag-canada-de-gomez-las-tres-lunas-tiene-su-grilla-confirmada"],"jetpack_publicize_connections":[],"jetpack_featured_media_url":"https:\/\/armstrongyregion.com.ar\/diario\/wp-content\/uploads\/2018\/02\/portada-3-lunas-2018-1.png","jetpack_shortlink":"https:\/\/wp.me\/p62QDO-4cR","jetpack_sharing_enabled":true,"amp_enabled":true,"_links":{"self":[{"href":"https:\/\/armstrongyregion.com.ar\/diario\/wp-json\/wp\/v2\/posts\/16173","targetHints":{"allow":["GET"]}}],"collection":[{"href":"https:\/\/armstrongyregion.com.ar\/diario\/wp-json\/wp\/v2\/posts"}],"about":[{"href":"https:\/\/armstrongyregion.com.ar\/diario\/wp-json\/wp\/v2\/types\/post"}],"author":[{"embeddable":true,"href":"https:\/\/armstrongyregion.com.ar\/diario\/wp-json\/wp\/v2\/users\/1"}],"replies":[{"embeddable":true,"href":"https:\/\/armstrongyregion.com.ar\/diario\/wp-json\/wp\/v2\/comments?post=16173"}],"version-history":[{"count":0,"href":"https:\/\/armstrongyregion.com.ar\/diario\/wp-json\/wp\/v2\/posts\/16173\/revisions"}],"wp:featuredmedia":[{"embeddable":true,"href":"https:\/\/armstrongyregion.com.ar\/diario\/wp-json\/wp\/v2\/media\/16174"}],"wp:attachment":[{"href":"https:\/\/armstrongyregion.com.ar\/diario\/wp-json\/wp\/v2\/media?parent=16173"}],"wp:term":[{"taxonomy":"category","embeddable":true,"href":"https:\/\/armstrongyregion.com.ar\/diario\/wp-json\/wp\/v2\/categories?post=16173"},{"taxonomy":"post_tag","embeddable":true,"href":"https:\/\/armstrongyregion.com.ar\/diario\/wp-json\/wp\/v2\/tags?post=16173"}],"curies":[{"name":"wp","href":"https:\/\/api.w.org\/{rel}","templated":true}]}}