{"id":16165,"date":"2018-02-11T01:49:57","date_gmt":"2018-02-11T01:49:57","guid":{"rendered":"https:\/\/armstrongyregion.com.ar\/diario\/?p=16165"},"modified":"2018-02-11T01:49:57","modified_gmt":"2018-02-11T01:49:57","slug":"armstrong-festejos-de-carnaval-2018","status":"publish","type":"post","link":"https:\/\/armstrongyregion.com.ar\/diario\/armstrong-festejos-de-carnaval-2018\/","title":{"rendered":"Armstrong. Festejos de Carnaval 2018."},"content":{"rendered":"<p><a href=\"http:\/\/armstrongyregion.com.ar\/diario\/wp-content\/uploads\/2018\/02\/aval.jpg\"><img loading=\"lazy\" decoding=\"async\" src=\"http:\/\/armstrongyregion.com.ar\/diario\/wp-content\/uploads\/2018\/02\/aval.jpg\" alt=\"aval\" width=\"768\" height=\"534\" class=\"alignnone size-full wp-image-16166\" srcset=\"https:\/\/armstrongyregion.com.ar\/diario\/wp-content\/uploads\/2018\/02\/aval.jpg 768w, https:\/\/armstrongyregion.com.ar\/diario\/wp-content\/uploads\/2018\/02\/aval-300x209.jpg 300w\" sizes=\"auto, (max-width: 768px) 100vw, 768px\" \/><\/a>La Municipalidad de Armstrong invita a participar del festejo de carnaval que se realizar\u00e1 el lunes 12 de febrero en plaza San Mart\u00edn desde las 20:30 hs. y, en caso de lluvia se trasladar\u00e1 a la Estaci\u00f3n M\u00e1s.<br \/>\nFormar\u00e1 parte del mismo los siguientes n\u00fameros art\u00edsticos:<br \/>\n-Grupo de Danzas Folcl\u00f3ricas  Argentinas \u201cFrancisco Maldonado\u201d dirigido por el Prof. Ricardo Nuny Maldonado<\/p>\n<p>-Grupo de Danzas Latinoamericanas \u201cWarmi\u201d, dirigido por la Prof. Soledad G\u00f3mez<\/p>\n<p>-Batucada local \u201cBarrio Unido\u201d<\/p>\n<p>-Taller Municipal de Danzas \u00c1rabes que dirige la Prof. Faty Ay\u00fan<\/p>\n<p>-Gast\u00f3n Melgarejo con un tributo a Abel Pintos<\/p>\n<p>-Comparsa \u201cSue\u00f1os de Luna\u201d<\/p>\n<p>-Grupo local \u201cLos Pr\u00edncipes de la Cumbia\u201d<\/p>\n<p>-Desde C\u00f3rdoba llega VanGuardia, con su primera voz Daniel Guardia quien integrara durante 16 a\u00f1os el grupo La Barra<\/p>\n<p>Feria Sabores y Colores Locales y servicio de buffet a cargo del Club A. D. Norte.<\/p>\n","protected":false},"excerpt":{"rendered":"<p>La Municipalidad de Armstrong invita a participar del festejo de carnaval que se realizar\u00e1 el lunes 12 de febrero en plaza San Mart\u00edn desde las 20:30 hs. y, en caso de lluvia se trasladar\u00e1 a la Estaci\u00f3n M\u00e1s. Formar\u00e1 parte del mismo los siguientes n\u00fameros art\u00edsticos: -Grupo de Danzas Folcl\u00f3ricas Argentinas \u201cFrancisco Maldonado\u201d dirigido por <a href=\"https:\/\/armstrongyregion.com.ar\/diario\/armstrong-festejos-de-carnaval-2018\/\" title=\"Read more\" >&#8230;<\/a><\/p>\n","protected":false},"author":1,"featured_media":16166,"comment_status":"open","ping_status":"open","sticky":false,"template":"","format":"standard","meta":{"_jetpack_memberships_contains_paid_content":false,"footnotes":"","jetpack_publicize_message":"","jetpack_publicize_feature_enabled":true,"jetpack_social_post_already_shared":false,"jetpack_social_options":{"image_generator_settings":{"template":"highway","default_image_id":0,"enabled":false},"version":2}},"categories":[6,8,1,2],"tags":[6391],"class_list":["post-16165","post","type-post","status-publish","format-standard","has-post-thumbnail","hentry","category-cultura-entretenimiento","category-deliberando","category-diario-armstrong","category-locales","tag-armstrong-festejos-de-carnaval-2018"],"jetpack_publicize_connections":[],"jetpack_featured_media_url":"https:\/\/armstrongyregion.com.ar\/diario\/wp-content\/uploads\/2018\/02\/aval.jpg","jetpack_shortlink":"https:\/\/wp.me\/p62QDO-4cJ","jetpack_sharing_enabled":true,"amp_enabled":true,"_links":{"self":[{"href":"https:\/\/armstrongyregion.com.ar\/diario\/wp-json\/wp\/v2\/posts\/16165","targetHints":{"allow":["GET"]}}],"collection":[{"href":"https:\/\/armstrongyregion.com.ar\/diario\/wp-json\/wp\/v2\/posts"}],"about":[{"href":"https:\/\/armstrongyregion.com.ar\/diario\/wp-json\/wp\/v2\/types\/post"}],"author":[{"embeddable":true,"href":"https:\/\/armstrongyregion.com.ar\/diario\/wp-json\/wp\/v2\/users\/1"}],"replies":[{"embeddable":true,"href":"https:\/\/armstrongyregion.com.ar\/diario\/wp-json\/wp\/v2\/comments?post=16165"}],"version-history":[{"count":0,"href":"https:\/\/armstrongyregion.com.ar\/diario\/wp-json\/wp\/v2\/posts\/16165\/revisions"}],"wp:featuredmedia":[{"embeddable":true,"href":"https:\/\/armstrongyregion.com.ar\/diario\/wp-json\/wp\/v2\/media\/16166"}],"wp:attachment":[{"href":"https:\/\/armstrongyregion.com.ar\/diario\/wp-json\/wp\/v2\/media?parent=16165"}],"wp:term":[{"taxonomy":"category","embeddable":true,"href":"https:\/\/armstrongyregion.com.ar\/diario\/wp-json\/wp\/v2\/categories?post=16165"},{"taxonomy":"post_tag","embeddable":true,"href":"https:\/\/armstrongyregion.com.ar\/diario\/wp-json\/wp\/v2\/tags?post=16165"}],"curies":[{"name":"wp","href":"https:\/\/api.w.org\/{rel}","templated":true}]}}