{"id":16157,"date":"2018-02-09T22:21:39","date_gmt":"2018-02-09T22:21:39","guid":{"rendered":"https:\/\/armstrongyregion.com.ar\/diario\/?p=16157"},"modified":"2018-02-09T22:21:39","modified_gmt":"2018-02-09T22:21:39","slug":"un-cuerpo-sin-vida-hallado-en-el-rio-carcarana","status":"publish","type":"post","link":"https:\/\/armstrongyregion.com.ar\/diario\/un-cuerpo-sin-vida-hallado-en-el-rio-carcarana\/","title":{"rendered":"Un cuerpo sin vida hallado en el r\u00edo Carcara\u00f1\u00e1"},"content":{"rendered":"<p>Fue encontrado esta ma\u00f1ana, cuando alrededor de las 10 hs. a la altura de las piletas de decantaci\u00f3n cloacal de la ciudad de Carcara\u00f1\u00e1.<br \/>\nEl cad\u00e1ver corresponde a un hombre, y tiene varias heridas punzantes compatibles con pu\u00f1aladas. De acuerdo a las primeras investigaciones, este masculino ser\u00eda oriundo de la localidad de Correa y contar\u00eda con antecedentes policiales.<\/p>\n<p><iframe loading=\"lazy\" src=\"\/\/radiocut.fm\/audiocut\/embed\/mini\/un-cuerpo-sin-vida-hallado-en-el-rio-carcarana-seria-de-correa\" width=\"100%\" height=\"65px\" frameborder=\"no\" scrolling=\"no\"><\/iframe><\/p>\n","protected":false},"excerpt":{"rendered":"<p>Fue encontrado esta ma\u00f1ana, cuando alrededor de las 10 hs. a la altura de las piletas de decantaci\u00f3n cloacal de la ciudad de Carcara\u00f1\u00e1. El cad\u00e1ver corresponde a un hombre, y tiene varias heridas punzantes compatibles con pu\u00f1aladas. De acuerdo a las primeras investigaciones, este masculino ser\u00eda oriundo de la localidad de Correa y contar\u00eda <a href=\"https:\/\/armstrongyregion.com.ar\/diario\/un-cuerpo-sin-vida-hallado-en-el-rio-carcarana\/\" title=\"Read more\" >&#8230;<\/a><\/p>\n","protected":false},"author":2,"featured_media":16159,"comment_status":"open","ping_status":"open","sticky":false,"template":"","format":"standard","meta":{"_jetpack_memberships_contains_paid_content":false,"footnotes":"","jetpack_publicize_message":"","jetpack_publicize_feature_enabled":true,"jetpack_social_post_already_shared":false,"jetpack_social_options":{"image_generator_settings":{"template":"highway","default_image_id":0,"enabled":false},"version":2}},"categories":[1,3],"tags":[],"class_list":["post-16157","post","type-post","status-publish","format-standard","has-post-thumbnail","hentry","category-diario-armstrong","category-region"],"jetpack_publicize_connections":[],"jetpack_featured_media_url":"https:\/\/armstrongyregion.com.ar\/diario\/wp-content\/uploads\/2018\/02\/muerto-rio-carcara\u00f1a.png","jetpack_shortlink":"https:\/\/wp.me\/p62QDO-4cB","jetpack_sharing_enabled":true,"amp_enabled":true,"_links":{"self":[{"href":"https:\/\/armstrongyregion.com.ar\/diario\/wp-json\/wp\/v2\/posts\/16157","targetHints":{"allow":["GET"]}}],"collection":[{"href":"https:\/\/armstrongyregion.com.ar\/diario\/wp-json\/wp\/v2\/posts"}],"about":[{"href":"https:\/\/armstrongyregion.com.ar\/diario\/wp-json\/wp\/v2\/types\/post"}],"author":[{"embeddable":true,"href":"https:\/\/armstrongyregion.com.ar\/diario\/wp-json\/wp\/v2\/users\/2"}],"replies":[{"embeddable":true,"href":"https:\/\/armstrongyregion.com.ar\/diario\/wp-json\/wp\/v2\/comments?post=16157"}],"version-history":[{"count":0,"href":"https:\/\/armstrongyregion.com.ar\/diario\/wp-json\/wp\/v2\/posts\/16157\/revisions"}],"wp:featuredmedia":[{"embeddable":true,"href":"https:\/\/armstrongyregion.com.ar\/diario\/wp-json\/wp\/v2\/media\/16159"}],"wp:attachment":[{"href":"https:\/\/armstrongyregion.com.ar\/diario\/wp-json\/wp\/v2\/media?parent=16157"}],"wp:term":[{"taxonomy":"category","embeddable":true,"href":"https:\/\/armstrongyregion.com.ar\/diario\/wp-json\/wp\/v2\/categories?post=16157"},{"taxonomy":"post_tag","embeddable":true,"href":"https:\/\/armstrongyregion.com.ar\/diario\/wp-json\/wp\/v2\/tags?post=16157"}],"curies":[{"name":"wp","href":"https:\/\/api.w.org\/{rel}","templated":true}]}}