{"id":16139,"date":"2018-02-08T14:03:28","date_gmt":"2018-02-08T14:03:28","guid":{"rendered":"https:\/\/armstrongyregion.com.ar\/diario\/?p=16139"},"modified":"2018-02-08T14:03:28","modified_gmt":"2018-02-08T14:03:28","slug":"fany-giordano-comunicado-de-ddhh-de-canada-de-gomez","status":"publish","type":"post","link":"https:\/\/armstrongyregion.com.ar\/diario\/fany-giordano-comunicado-de-ddhh-de-canada-de-gomez\/","title":{"rendered":"Fany Giordano. Comunicado de DDHH de Ca\u00f1ada de G\u00f3mez."},"content":{"rendered":"<p><a href=\"http:\/\/armstrongyregion.com.ar\/diario\/wp-content\/uploads\/2018\/02\/Fani-Giordano-.jpg\"><img loading=\"lazy\" decoding=\"async\" src=\"http:\/\/armstrongyregion.com.ar\/diario\/wp-content\/uploads\/2018\/02\/Fani-Giordano-.jpg\" alt=\"Fani-Giordano-\" width=\"500\" height=\"548\" class=\"alignnone size-full wp-image-16140\" srcset=\"https:\/\/armstrongyregion.com.ar\/diario\/wp-content\/uploads\/2018\/02\/Fani-Giordano-.jpg 500w, https:\/\/armstrongyregion.com.ar\/diario\/wp-content\/uploads\/2018\/02\/Fani-Giordano--274x300.jpg 274w\" sizes=\"auto, (max-width: 500px) 100vw, 500px\" \/><\/a>Un d\u00eda como hoy, pero de 1977 el r\u00e9gimen Genocida sufrido en nuestro pa\u00eds sustrajo, entre miles de otras, la vida de una docente de nuestra localidad, aquella madrugada del 8 de febrero las fuerzas la sacaron de su domicilio, la fusilaron con m\u00e1s de cincuenta balazos y la arrojaron en una banquina cercana al cementerio de Armstrong.<br \/>\nFanny Giordano hab\u00eda quedado cesante en los cargos que pose\u00eda, en diciembre del a\u00f1o anterior, debido a su concepci\u00f3n de la educaci\u00f3n inspirado en el pensamiento socialista latinoamericano, admiradora de Salvador Allende y sus reformas educativas.<br \/>\nSin tener participaci\u00f3n gremial, ni pol\u00edtica (motivos generales a la hora de \u2013arrestar por averiguaci\u00f3n de antecedentes-) fue elegida por la -grav\u00edsima conducta- de indignarse y reaccionar ante las injusticias que provocaba la exclusi\u00f3n y la desigualdad en la educaci\u00f3n.<br \/>\nHoy en la evocaci\u00f3n de los 41 a\u00f1os de este acto de violencia irracional, il\u00edcita e injustificable, queremos recordar y homenajear tu nombre. Y que cada ca\u00f1adense tenga presente tu imagen y la de todos aquellos que padecieron hechos aberrantes de esta magnitud. Ni olvido ni perd\u00f3n! Fanny Giordano presente.ahora y siempre &#8211;<br \/>\nLa desmemoria<br \/>\nEstoy leyendo una novela de Louise Erdrich. A cierta altura, un bisabuelo encuentra a su bisnieto.<br \/>\nEl bisabuelo est\u00e1 completamente chocho (sus pensamientos tienen el color del agua) y sonr\u00ede con la misma beat\u00edfica sonrisa de su bisnieto reci\u00e9n nacido. El bisabuelo es feliz porque ha perdido la memoria que ten\u00eda. El bisnieto es feliz porque no tiene, todav\u00eda, ninguna memoria.<br \/>\nHe aqu\u00ed, pienso, la felicidad perfecta. Yo no la quiero.<br \/>\nEduardo Galeano. El libro de los abrazos.<br \/>\nEl Retrato de Fanny Giordano pertenece al artista Brian Carlson<\/p>\n","protected":false},"excerpt":{"rendered":"<p>Un d\u00eda como hoy, pero de 1977 el r\u00e9gimen Genocida sufrido en nuestro pa\u00eds sustrajo, entre miles de otras, la vida de una docente de nuestra localidad, aquella madrugada del 8 de febrero las fuerzas la sacaron de su domicilio, la fusilaron con m\u00e1s de cincuenta balazos y la arrojaron en una banquina cercana al <a href=\"https:\/\/armstrongyregion.com.ar\/diario\/fany-giordano-comunicado-de-ddhh-de-canada-de-gomez\/\" title=\"Read more\" >&#8230;<\/a><\/p>\n","protected":false},"author":1,"featured_media":16140,"comment_status":"open","ping_status":"open","sticky":false,"template":"","format":"standard","meta":{"_jetpack_memberships_contains_paid_content":false,"footnotes":"","jetpack_publicize_message":"","jetpack_publicize_feature_enabled":true,"jetpack_social_post_already_shared":false,"jetpack_social_options":{"image_generator_settings":{"template":"highway","default_image_id":0,"enabled":false},"version":2}},"categories":[6,1,2,7,3],"tags":[6384],"class_list":["post-16139","post","type-post","status-publish","format-standard","has-post-thumbnail","hentry","category-cultura-entretenimiento","category-diario-armstrong","category-locales","category-politica","category-region","tag-fany-giordano-comunicado-de-ddhh-de-canada-de-gomez"],"jetpack_publicize_connections":[],"jetpack_featured_media_url":"https:\/\/armstrongyregion.com.ar\/diario\/wp-content\/uploads\/2018\/02\/Fani-Giordano-.jpg","jetpack_shortlink":"https:\/\/wp.me\/p62QDO-4cj","jetpack_sharing_enabled":true,"amp_enabled":true,"_links":{"self":[{"href":"https:\/\/armstrongyregion.com.ar\/diario\/wp-json\/wp\/v2\/posts\/16139","targetHints":{"allow":["GET"]}}],"collection":[{"href":"https:\/\/armstrongyregion.com.ar\/diario\/wp-json\/wp\/v2\/posts"}],"about":[{"href":"https:\/\/armstrongyregion.com.ar\/diario\/wp-json\/wp\/v2\/types\/post"}],"author":[{"embeddable":true,"href":"https:\/\/armstrongyregion.com.ar\/diario\/wp-json\/wp\/v2\/users\/1"}],"replies":[{"embeddable":true,"href":"https:\/\/armstrongyregion.com.ar\/diario\/wp-json\/wp\/v2\/comments?post=16139"}],"version-history":[{"count":0,"href":"https:\/\/armstrongyregion.com.ar\/diario\/wp-json\/wp\/v2\/posts\/16139\/revisions"}],"wp:featuredmedia":[{"embeddable":true,"href":"https:\/\/armstrongyregion.com.ar\/diario\/wp-json\/wp\/v2\/media\/16140"}],"wp:attachment":[{"href":"https:\/\/armstrongyregion.com.ar\/diario\/wp-json\/wp\/v2\/media?parent=16139"}],"wp:term":[{"taxonomy":"category","embeddable":true,"href":"https:\/\/armstrongyregion.com.ar\/diario\/wp-json\/wp\/v2\/categories?post=16139"},{"taxonomy":"post_tag","embeddable":true,"href":"https:\/\/armstrongyregion.com.ar\/diario\/wp-json\/wp\/v2\/tags?post=16139"}],"curies":[{"name":"wp","href":"https:\/\/api.w.org\/{rel}","templated":true}]}}