{"id":1612,"date":"2015-04-08T22:59:11","date_gmt":"2015-04-08T22:59:11","guid":{"rendered":"https:\/\/armstrongyregion.com.ar\/diario\/?p=1612"},"modified":"2015-04-08T22:59:11","modified_gmt":"2015-04-08T22:59:11","slug":"edicion-especial-de-deliberando-hoy-miercoles-2230hs","status":"publish","type":"post","link":"https:\/\/armstrongyregion.com.ar\/diario\/edicion-especial-de-deliberando-hoy-miercoles-2230hs\/","title":{"rendered":"Edici\u00f3n especial de DELIBERANDO, hoy mi\u00e9rcoles 22,30hs."},"content":{"rendered":"<p><a href=\"http:\/\/armstrongyregion.com.ar\/diario\/wp-content\/uploads\/2015\/04\/Deliberando-10-027.jpg\"><img loading=\"lazy\" decoding=\"async\" class=\"alignnone size-medium wp-image-1613\" src=\"http:\/\/armstrongyregion.com.ar\/diario\/wp-content\/uploads\/2015\/04\/Deliberando-10-027-300x199.jpg\" alt=\"Deliberando 10 027\" width=\"300\" height=\"199\" srcset=\"https:\/\/armstrongyregion.com.ar\/diario\/wp-content\/uploads\/2015\/04\/Deliberando-10-027-300x199.jpg 300w, https:\/\/armstrongyregion.com.ar\/diario\/wp-content\/uploads\/2015\/04\/Deliberando-10-027.jpg 751w\" sizes=\"auto, (max-width: 300px) 100vw, 300px\" \/><\/a>Ante la cercan\u00eda de las pr\u00f3ximas PASO, DELIBERANDO, les presenta a varios pre candidatos que participaran en esos comicios.<br \/>\nLos dos pre candidatos del Frente Progresista y Social, Pablo Verdecchia y Juan Carlos Valdano, en sus respectivos bloques brindan cada uno su impronta para aspirar al cargo legislativo departamental. Los cambios que pretenden en la relaci\u00f3n con las comunas y municipios, como as\u00ed tambi\u00e9n las visiones sobre necesidades y desarrollo para el departamento Belgrano.<br \/>\nLuis Rubeo, recientemente reelecto como presidente de la C\u00e1mara de Diputados de la provincia y a la vez, candidato a diputado por un nuevo periodo, repasa los temas que le preocupan para mejorar y las l\u00edneas b\u00e1sicas de su campa\u00f1a. Perotti-Ramos, es la f\u00f3rmula para unir a los peronistas santafesinos?<br \/>\nDonde tambi\u00e9n habr\u00e1 internas es en el Frente Justicialista para la Victoria. Uno de los aspirantes a la senadur\u00eda por el departamento Belgrano, Claudio Paoli, plantea su forma de trabajar como lo ha hecho hasta ahora como concejal de Las Rosas, y la aplicaci\u00f3n del sistema en la tarea legislativa en caso de ser electo.<br \/>\nFinalmente la arquitecta Sandra Clerici, pre candidata a intendenta de Las Parejas, repasa su campa\u00f1a en la ciudad, la posibilidad de llegar al cargo, las preocupaci\u00f3n de la situaci\u00f3n de los barrios y qu\u00e9 hacer para ellos, son algunos de los temas que abordar\u00e1 hoy en DELIBERANDO, con la conducci\u00f3n de la licenciada Graciela de la Casa y Oscar Crispino.<br \/>\nREITERACION EN ARMSTRONG. JUEVES 15,30hs.<\/p>\n","protected":false},"excerpt":{"rendered":"<p>Ante la cercan\u00eda de las pr\u00f3ximas PASO, DELIBERANDO, les presenta a varios pre candidatos que participaran en esos comicios. Los dos pre candidatos del Frente Progresista y Social, Pablo Verdecchia y Juan Carlos Valdano, en sus respectivos bloques brindan cada uno su impronta para aspirar al cargo legislativo departamental. Los cambios que pretenden en la <a href=\"https:\/\/armstrongyregion.com.ar\/diario\/edicion-especial-de-deliberando-hoy-miercoles-2230hs\/\" title=\"Read more\" >&#8230;<\/a><\/p>\n","protected":false},"author":2,"featured_media":1613,"comment_status":"open","ping_status":"open","sticky":false,"template":"","format":"standard","meta":{"_jetpack_memberships_contains_paid_content":false,"footnotes":"","jetpack_publicize_message":"","jetpack_publicize_feature_enabled":true,"jetpack_social_post_already_shared":false,"jetpack_social_options":{"image_generator_settings":{"template":"highway","default_image_id":0,"enabled":false},"version":2}},"categories":[8,1,2,7],"tags":[567,1371,19,44,317,656,839,777],"class_list":["post-1612","post","type-post","status-publish","format-standard","has-post-thumbnail","hentry","category-deliberando","category-diario-armstrong","category-locales","category-politica","tag-567","tag-30hs","tag-de","tag-deliberando-2","tag-edicion","tag-especial","tag-hoy","tag-miercoles"],"jetpack_publicize_connections":[],"jetpack_featured_media_url":"https:\/\/armstrongyregion.com.ar\/diario\/wp-content\/uploads\/2015\/04\/Deliberando-10-027.jpg","jetpack_shortlink":"https:\/\/wp.me\/p62QDO-q0","jetpack_sharing_enabled":true,"amp_enabled":true,"_links":{"self":[{"href":"https:\/\/armstrongyregion.com.ar\/diario\/wp-json\/wp\/v2\/posts\/1612","targetHints":{"allow":["GET"]}}],"collection":[{"href":"https:\/\/armstrongyregion.com.ar\/diario\/wp-json\/wp\/v2\/posts"}],"about":[{"href":"https:\/\/armstrongyregion.com.ar\/diario\/wp-json\/wp\/v2\/types\/post"}],"author":[{"embeddable":true,"href":"https:\/\/armstrongyregion.com.ar\/diario\/wp-json\/wp\/v2\/users\/2"}],"replies":[{"embeddable":true,"href":"https:\/\/armstrongyregion.com.ar\/diario\/wp-json\/wp\/v2\/comments?post=1612"}],"version-history":[{"count":0,"href":"https:\/\/armstrongyregion.com.ar\/diario\/wp-json\/wp\/v2\/posts\/1612\/revisions"}],"wp:featuredmedia":[{"embeddable":true,"href":"https:\/\/armstrongyregion.com.ar\/diario\/wp-json\/wp\/v2\/media\/1613"}],"wp:attachment":[{"href":"https:\/\/armstrongyregion.com.ar\/diario\/wp-json\/wp\/v2\/media?parent=1612"}],"wp:term":[{"taxonomy":"category","embeddable":true,"href":"https:\/\/armstrongyregion.com.ar\/diario\/wp-json\/wp\/v2\/categories?post=1612"},{"taxonomy":"post_tag","embeddable":true,"href":"https:\/\/armstrongyregion.com.ar\/diario\/wp-json\/wp\/v2\/tags?post=1612"}],"curies":[{"name":"wp","href":"https:\/\/api.w.org\/{rel}","templated":true}]}}