{"id":16082,"date":"2018-02-04T15:25:34","date_gmt":"2018-02-04T15:25:34","guid":{"rendered":"https:\/\/armstrongyregion.com.ar\/diario\/?p=16082"},"modified":"2018-02-04T15:25:34","modified_gmt":"2018-02-04T15:25:34","slug":"a-partir-de-este-lunes-actualizan-los-montos-de-los-creditos-procrear","status":"publish","type":"post","link":"https:\/\/armstrongyregion.com.ar\/diario\/a-partir-de-este-lunes-actualizan-los-montos-de-los-creditos-procrear\/","title":{"rendered":"A partir de este lunes actualizan los montos de los cr\u00e9ditos Procrear."},"content":{"rendered":"<p><a href=\"http:\/\/armstrongyregion.com.ar\/diario\/wp-content\/uploads\/2018\/02\/procrear.jpg_1305449671.jpg\"><img loading=\"lazy\" decoding=\"async\" src=\"http:\/\/armstrongyregion.com.ar\/diario\/wp-content\/uploads\/2018\/02\/procrear.jpg_1305449671.jpg\" alt=\"procrear.jpg_1305449671\" width=\"847\" height=\"476\" class=\"alignnone size-full wp-image-16083\" srcset=\"https:\/\/armstrongyregion.com.ar\/diario\/wp-content\/uploads\/2018\/02\/procrear.jpg_1305449671.jpg 847w, https:\/\/armstrongyregion.com.ar\/diario\/wp-content\/uploads\/2018\/02\/procrear.jpg_1305449671-300x169.jpg 300w\" sizes=\"auto, (max-width: 847px) 100vw, 847px\" \/><\/a>Adem\u00e1s, se inform\u00f3 que se prorroga hasta el 26 de marzo el plazo para conseguir casa y usar el subsidio. Todos los detalles:<br \/>\nDesde la Secretar\u00eda de Vivienda y Desarrollo Urbano de la Naci\u00f3n dieron a conocer las actualizaciones de las tasaciones de las propiedades para beneficiarios de cr\u00e9ditos Procrear. A partir de este lunes se podr\u00e1n solicitar hasta 2,3 millones de pesos, el equivalente a alrededor de 116 mil d\u00f3lares.<br \/>\nEl diputado de Cambiemos y referente del gobierno nacional en Santa Fe, Federico Angelini, explic\u00f3 que \u201cen un primer momento, con el subsidio y el cr\u00e9dito, los seleccionados pod\u00edan comprar una propiedad de hasta 1,6 millones de pesos, pero en el mes de julio, con el aumento del d\u00f3lar, lo llevamos a 2 millones\u201d.<\/p>\n<p>\u201cAhora, volvemos a actualizar los valores para aquellas personas que est\u00e1n buscando una propiedad\u201d, a\u00f1adi\u00f3 el legislador.<\/p>\n<p>Adem\u00e1s, se inform\u00f3 que se prorroga hasta el 26 de marzo el plazo para conseguir casa y usar el subsidio de Procrear.<\/p>\n<p>En cuanto a los beneficiarios de Procrear Joven, Angelini aclar\u00f3 que \u201cesta media no es aplicable en este caso porque las condiciones son diferentes ya que los valores est\u00e1n en indicador UVA, tanto el ahorro como el monto de la propiedad\u201c.<\/p>\n<p>Por otra parte, el diputado de Cambiemos afirm\u00f3 que se est\u00e1 trabajando con el Banco Central para automatizar el proceso de selecci\u00f3n de propiedad y la b\u00fasqueda del cr\u00e9dito hipotecario para que sea lo menos extenso y estandarizado posible.<\/p>\n<p>\u201cHay seleccionados en mayo del a\u00f1o pasado que hoy siguen buscando propiedad\u201d, continu\u00f3.<\/p>\n<p>Para finalizar, Angelini celebr\u00f3 que \u201cen 2017 fueron m\u00e1s de 140 mil los argentinos que fueron seleccionados para acceder al cr\u00e9dito, lo cual significa que son much\u00edsimas las familias que pueden cumplir el sue\u00f1o de tener su casa propia\u201d.<br \/>\nrosario3.com<\/p>\n","protected":false},"excerpt":{"rendered":"<p>Adem\u00e1s, se inform\u00f3 que se prorroga hasta el 26 de marzo el plazo para conseguir casa y usar el subsidio. Todos los detalles: Desde la Secretar\u00eda de Vivienda y Desarrollo Urbano de la Naci\u00f3n dieron a conocer las actualizaciones de las tasaciones de las propiedades para beneficiarios de cr\u00e9ditos Procrear. A partir de este lunes <a href=\"https:\/\/armstrongyregion.com.ar\/diario\/a-partir-de-este-lunes-actualizan-los-montos-de-los-creditos-procrear\/\" title=\"Read more\" >&#8230;<\/a><\/p>\n","protected":false},"author":1,"featured_media":16083,"comment_status":"open","ping_status":"open","sticky":false,"template":"","format":"standard","meta":{"_jetpack_memberships_contains_paid_content":false,"footnotes":"","jetpack_publicize_message":"","jetpack_publicize_feature_enabled":true,"jetpack_social_post_already_shared":false,"jetpack_social_options":{"image_generator_settings":{"template":"highway","default_image_id":0,"enabled":false},"version":2}},"categories":[1,2,7,3],"tags":[6370],"class_list":["post-16082","post","type-post","status-publish","format-standard","has-post-thumbnail","hentry","category-diario-armstrong","category-locales","category-politica","category-region","tag-a-partir-de-este-lunes-actualizan-los-montos-de-los-creditos-procrear"],"jetpack_publicize_connections":[],"jetpack_featured_media_url":"https:\/\/armstrongyregion.com.ar\/diario\/wp-content\/uploads\/2018\/02\/procrear.jpg_1305449671.jpg","jetpack_shortlink":"https:\/\/wp.me\/p62QDO-4bo","jetpack_sharing_enabled":true,"amp_enabled":true,"_links":{"self":[{"href":"https:\/\/armstrongyregion.com.ar\/diario\/wp-json\/wp\/v2\/posts\/16082","targetHints":{"allow":["GET"]}}],"collection":[{"href":"https:\/\/armstrongyregion.com.ar\/diario\/wp-json\/wp\/v2\/posts"}],"about":[{"href":"https:\/\/armstrongyregion.com.ar\/diario\/wp-json\/wp\/v2\/types\/post"}],"author":[{"embeddable":true,"href":"https:\/\/armstrongyregion.com.ar\/diario\/wp-json\/wp\/v2\/users\/1"}],"replies":[{"embeddable":true,"href":"https:\/\/armstrongyregion.com.ar\/diario\/wp-json\/wp\/v2\/comments?post=16082"}],"version-history":[{"count":0,"href":"https:\/\/armstrongyregion.com.ar\/diario\/wp-json\/wp\/v2\/posts\/16082\/revisions"}],"wp:featuredmedia":[{"embeddable":true,"href":"https:\/\/armstrongyregion.com.ar\/diario\/wp-json\/wp\/v2\/media\/16083"}],"wp:attachment":[{"href":"https:\/\/armstrongyregion.com.ar\/diario\/wp-json\/wp\/v2\/media?parent=16082"}],"wp:term":[{"taxonomy":"category","embeddable":true,"href":"https:\/\/armstrongyregion.com.ar\/diario\/wp-json\/wp\/v2\/categories?post=16082"},{"taxonomy":"post_tag","embeddable":true,"href":"https:\/\/armstrongyregion.com.ar\/diario\/wp-json\/wp\/v2\/tags?post=16082"}],"curies":[{"name":"wp","href":"https:\/\/api.w.org\/{rel}","templated":true}]}}