{"id":16040,"date":"2018-01-30T16:36:26","date_gmt":"2018-01-30T16:36:26","guid":{"rendered":"https:\/\/armstrongyregion.com.ar\/diario\/?p=16040"},"modified":"2018-01-30T16:36:26","modified_gmt":"2018-01-30T16:36:26","slug":"desde-el-consejo-de-seguridad-ciudadana-canada-reclama-justicia","status":"publish","type":"post","link":"https:\/\/armstrongyregion.com.ar\/diario\/desde-el-consejo-de-seguridad-ciudadana-canada-reclama-justicia\/","title":{"rendered":"Desde el Consejo de Seguridad Ciudadana Ca\u00f1ada reclama Justicia."},"content":{"rendered":"<p><a href=\"http:\/\/armstrongyregion.com.ar\/diario\/wp-content\/uploads\/2018\/01\/Ca\u00f1ada-seguridad.jpg\"><img loading=\"lazy\" decoding=\"async\" src=\"http:\/\/armstrongyregion.com.ar\/diario\/wp-content\/uploads\/2018\/01\/Ca\u00f1ada-seguridad.jpg\" alt=\"Ca\u00f1ada-seguridad\" width=\"800\" height=\"468\" class=\"alignnone size-full wp-image-16041\" srcset=\"https:\/\/armstrongyregion.com.ar\/diario\/wp-content\/uploads\/2018\/01\/Ca\u00f1ada-seguridad.jpg 800w, https:\/\/armstrongyregion.com.ar\/diario\/wp-content\/uploads\/2018\/01\/Ca\u00f1ada-seguridad-300x176.jpg 300w\" sizes=\"auto, (max-width: 800px) 100vw, 800px\" \/><\/a>Encabezado por la intendenta Stella Cl\u00e9rici y Luis Leiva, se llev\u00f3 a cabo un nuevo encuentro con presencia de la presidenta del Concejo Carina Mozzoni, autoridades policiales, instituciones, vecinales y damnificados. No hubo presencia del Poder Judicial. El jueves distintos referentes se movilizar\u00e1n a Fiscal\u00eda y Tribunales para demandar respuestas.<\/p>\n<p>\u201cUrgente, la Justicia Provincial debe hacer efectivas las condenas a los delincuentes, de lo contrario las denuncias y procedimientos no tienen sentido\u201d, se sintetiz\u00f3 desde el Ejecutivo Municipal, en sinton\u00eda con los planteos generalizados de los presentes. La reuni\u00f3n, que se llev\u00f3 a cabo en el Club Arroyito, fue en el marco de una seguidilla de episodios delictivos acaecidos en la ciudad durante los \u00faltimos d\u00edas y result\u00f3 en una nueva convocatoria para el jueves a las 8 hs ante Fiscal\u00eda y Tribunales para demandar respuestas.<br \/>\n\u201cEste Consejo tiene los reflejos suficientes para estar siempre alerta ante estos hechos  &#8211; que d\u00eda a d\u00eda se recrudecen -, convoc\u00e1ndose, generando un espacio para aunar esfuerzos, trabajo en prevenci\u00f3n y reclamar ante quienes nos deben cuidar. Pero lamentablemente hoy aqu\u00ed no estuvieron presentes el Poder Judicial ni tampoco el senador, que son es quienes deben bregar por procedimientos, condenas y castigos efectivos para que los delincuentes, como dice la gente, no entren por una puerta y salgan por la otra. Lo que falta es efectividad.\u201d, sintetiz\u00f3 Luis Leiva, coordinador de Seguridad Ciudadana.<br \/>\nLeiva destac\u00f3 la validez como herramienta comunitaria, tanto de los encuentros del Consejo de Seguridad, el Buz\u00f3n de la Vida, as\u00ed como el permanente acompa\u00f1amiento a las v\u00edctimas y los reclamos permanentes al Ministro de Seguridad Pullaro, al senador Rasetto e insisti\u00f3: \u201cNecesitamos que el Poder Judicial de respuestas a nuestra gente y condene a quienes delinquen. Nuestro dinero les paga\u201d.<\/p>\n","protected":false},"excerpt":{"rendered":"<p>Encabezado por la intendenta Stella Cl\u00e9rici y Luis Leiva, se llev\u00f3 a cabo un nuevo encuentro con presencia de la presidenta del Concejo Carina Mozzoni, autoridades policiales, instituciones, vecinales y damnificados. No hubo presencia del Poder Judicial. El jueves distintos referentes se movilizar\u00e1n a Fiscal\u00eda y Tribunales para demandar respuestas. \u201cUrgente, la Justicia Provincial debe <a href=\"https:\/\/armstrongyregion.com.ar\/diario\/desde-el-consejo-de-seguridad-ciudadana-canada-reclama-justicia\/\" title=\"Read more\" >&#8230;<\/a><\/p>\n","protected":false},"author":1,"featured_media":16041,"comment_status":"open","ping_status":"open","sticky":false,"template":"","format":"standard","meta":{"_jetpack_memberships_contains_paid_content":false,"footnotes":"","jetpack_publicize_message":"","jetpack_publicize_feature_enabled":true,"jetpack_social_post_already_shared":false,"jetpack_social_options":{"image_generator_settings":{"template":"highway","default_image_id":0,"enabled":false},"version":2}},"categories":[8,1,2,3],"tags":[6361],"class_list":["post-16040","post","type-post","status-publish","format-standard","has-post-thumbnail","hentry","category-deliberando","category-diario-armstrong","category-locales","category-region","tag-desde-el-consejo-de-seguridad-ciudadana-canada-reclama-justicia"],"jetpack_publicize_connections":[],"jetpack_featured_media_url":"https:\/\/armstrongyregion.com.ar\/diario\/wp-content\/uploads\/2018\/01\/Ca\u00f1ada-seguridad.jpg","jetpack_shortlink":"https:\/\/wp.me\/p62QDO-4aI","jetpack_sharing_enabled":true,"amp_enabled":true,"_links":{"self":[{"href":"https:\/\/armstrongyregion.com.ar\/diario\/wp-json\/wp\/v2\/posts\/16040","targetHints":{"allow":["GET"]}}],"collection":[{"href":"https:\/\/armstrongyregion.com.ar\/diario\/wp-json\/wp\/v2\/posts"}],"about":[{"href":"https:\/\/armstrongyregion.com.ar\/diario\/wp-json\/wp\/v2\/types\/post"}],"author":[{"embeddable":true,"href":"https:\/\/armstrongyregion.com.ar\/diario\/wp-json\/wp\/v2\/users\/1"}],"replies":[{"embeddable":true,"href":"https:\/\/armstrongyregion.com.ar\/diario\/wp-json\/wp\/v2\/comments?post=16040"}],"version-history":[{"count":0,"href":"https:\/\/armstrongyregion.com.ar\/diario\/wp-json\/wp\/v2\/posts\/16040\/revisions"}],"wp:featuredmedia":[{"embeddable":true,"href":"https:\/\/armstrongyregion.com.ar\/diario\/wp-json\/wp\/v2\/media\/16041"}],"wp:attachment":[{"href":"https:\/\/armstrongyregion.com.ar\/diario\/wp-json\/wp\/v2\/media?parent=16040"}],"wp:term":[{"taxonomy":"category","embeddable":true,"href":"https:\/\/armstrongyregion.com.ar\/diario\/wp-json\/wp\/v2\/categories?post=16040"},{"taxonomy":"post_tag","embeddable":true,"href":"https:\/\/armstrongyregion.com.ar\/diario\/wp-json\/wp\/v2\/tags?post=16040"}],"curies":[{"name":"wp","href":"https:\/\/api.w.org\/{rel}","templated":true}]}}