{"id":16036,"date":"2018-01-30T16:27:32","date_gmt":"2018-01-30T16:27:32","guid":{"rendered":"https:\/\/armstrongyregion.com.ar\/diario\/?p=16036"},"modified":"2018-01-30T16:27:32","modified_gmt":"2018-01-30T16:27:32","slug":"comienza-a-funcionar-la-alcaidia-del-nuevo-complejo-penitenciario-de-rosario-lifschitz-recorrio-el-predio","status":"publish","type":"post","link":"https:\/\/armstrongyregion.com.ar\/diario\/comienza-a-funcionar-la-alcaidia-del-nuevo-complejo-penitenciario-de-rosario-lifschitz-recorrio-el-predio\/","title":{"rendered":"Comienza a funcionar la Alcaid\u00eda del nuevo Complejo Penitenciario de Rosario: Lifschitz recorri\u00f3 el predio."},"content":{"rendered":"<p><a href=\"http:\/\/armstrongyregion.com.ar\/diario\/wp-content\/uploads\/2018\/01\/secun.jpg\"><img loading=\"lazy\" decoding=\"async\" src=\"http:\/\/armstrongyregion.com.ar\/diario\/wp-content\/uploads\/2018\/01\/secun.jpg\" alt=\"secun\" width=\"768\" height=\"432\" class=\"alignnone size-full wp-image-16037\" srcset=\"https:\/\/armstrongyregion.com.ar\/diario\/wp-content\/uploads\/2018\/01\/secun.jpg 768w, https:\/\/armstrongyregion.com.ar\/diario\/wp-content\/uploads\/2018\/01\/secun-300x169.jpg 300w\" sizes=\"auto, (max-width: 768px) 100vw, 768px\" \/><\/a>En el lugar esta en la etapa final la construcci\u00f3n el nuevo Instituto de Recuperaci\u00f3n de Mujeres, Unidad N\u00b0 5. Se invirtieron 600 millones de pesos<\/p>\n<p>El gobernador Miguel Lifschitz, junto a los ministros de Seguridad, Maximiliano Pullaro, y de Obras P\u00fablicas, Pedro Morini, recorrieron este martes las instalaciones de la nueva Alcaidia ubicada en el nuevo Complejo Penitenciario de Rosario, ubicado en Bv. 27 de Febrero al 7800, y en el cual se  invirtieron 600 millones de pesos.<\/p>\n<p>En el predio se est\u00e1 llevando adelante, adem\u00e1s, la construcci\u00f3n del nuevo Instituto de Recuperaci\u00f3n de Mujeres &#8211; Unidad 5.<\/p>\n<p><a href=\"http:\/\/armstrongyregion.com.ar\/diario\/wp-content\/uploads\/2018\/01\/princi.jpg\"><img loading=\"lazy\" decoding=\"async\" src=\"http:\/\/armstrongyregion.com.ar\/diario\/wp-content\/uploads\/2018\/01\/princi.jpg\" alt=\"princi\" width=\"768\" height=\"432\" class=\"alignnone size-full wp-image-16038\" srcset=\"https:\/\/armstrongyregion.com.ar\/diario\/wp-content\/uploads\/2018\/01\/princi.jpg 768w, https:\/\/armstrongyregion.com.ar\/diario\/wp-content\/uploads\/2018\/01\/princi-300x169.jpg 300w\" sizes=\"auto, (max-width: 768px) 100vw, 768px\" \/><\/a>El complejo se emplaza en un terreno cuya superficie total asciende a  77.800 metros cuadrados, donde funcionaran en principio la nueva Alcaidia  que se desarrolla en dos plantas. Por un lado, el primer nivel se conforma de dos sectores funcionales: el sector administrativo, judicial y de servicios (despachos para profesionales, administrativos, admisi\u00f3n de alojados en directa relaci\u00f3n con un centro m\u00e9dico-asistencial, acceso para personal penitenciario al \u00e1rea restringida, un acceso para visitas con sala de espera y ba\u00f1os p\u00fablicos y cocina), y el sector de celdas <\/p>\n<p>En tanto en la planta alta funcionar\u00e1 un sector de alojamiento de detenidos, constituido por 12 pabellones de 10 celdas individuales con un sector de ducha, un espacio com\u00fan y un patio. Ambos sectores est\u00e1n vinculados por una circulaci\u00f3n restringida. <\/p>\n<p>En la planta alta de la Alcaidia, donde se construy\u00f3 el sector de alojamiento de detenidos, por el momento y hasta que finalice la construcci\u00f3n de la nueva Unidad 5 de Mujeres, ser\u00e1 utilizado por las internas del viejo edificio de la Unidad 5.<\/p>\n<p>Lifschitz tambi\u00e9n visit\u00f3 las obras de la flamante unidad, que contar\u00e1 con espacio para albergar 139 internas en celdas individuales, un pabell\u00f3n de resguardo para 8 internos, tres pabellones tipo y un pabell\u00f3n con espacio para 11 internas con sus hijos en celdas dobles. Adem\u00e1s, tendr\u00e1 un jard\u00edn de infantes y en el predio funcionar\u00e1 un edificio para \u00e1rea social, donde se podr\u00e1n realizar distintas actividades<\/p>\n<p>\u00abSer\u00e1 una c\u00e1rcel modelo\u00bb, resalt\u00f3 el gobernador.<\/p>\n<p>\u201cCon esta unidad que estamos inaugurando y con las obras que estamos haciendo con las otras unidades penitenciarias, podemos garantizar las condiciones de detenci\u00f3n adecuadas que exigen las leyes vigentes y los pactos internacionales. A partir de abril, en comisar\u00edas de Rosario no van a haber ning\u00fan detenido en sus instalaciones, sino que van a estar alojados en esta alcaid\u00eda, bajo la supervisi\u00f3n del Servicio Penitenciario y no de la Polic\u00eda\u201d, remarc\u00f3 Lifschitz.<\/p>\n<p>\u00abVan a estar dadas las condiciones para tener el adecuado control m\u00e9dico, la presencia de fiscales, defensores, que se cumpla con las leyes vigentes y que no haya ning\u00fan tipo de violencia o abuso de autoridad respecto a los derechos de las personas detenidas\u201d, afirm\u00f3.<\/p>\n<p>\u201cNo hay ninguna otra provincia, ni a nivel federal, donde se est\u00e9 haciendo una inversi\u00f3n de esta magnitud y de esta importancia en el Servicio Penitenciario, y esto tiene que ver en como se piensa la seguridad y como se piensa integralmente el programa de seguridad democr\u00e1tica ,garantizando el derecho de todas las personas\u201d, concluy\u00f3 Lifschitz.<\/p>\n<p>PRIMERA C\u00c1RCEL DE MUJERES<\/p>\n<p>Por su parte, Pullaro indic\u00f3 que \u201cse est\u00e1 terminando la primera c\u00e1rcel de mujeres en la historia de la provincia de Santa Fe\u201d. Adem\u00e1s revel\u00f3 que \u201cla relaci\u00f3n entre presos en el Servicio Penitenciario y en Comisar\u00edas es de 93% a 7%. Tenemos una pol\u00edtica carcelaria de avanzada y resolvimos un problema que venia de a\u00f1os con la antigua c\u00e1rcel de mujeres de calle Thedy\u201d. <\/p>\n<p>PRESENTES<\/p>\n<p>Estuvieron presentes el secretario de Servicios Penitenciarios de la provincia Pablo Cococcioni y la secretaria de Obras P\u00fablicas, Jorgelina Paniagua, adem\u00e1s de funcionarios del gabinete provincial, la diputada provincial Clara Garc\u00eda y fiscales del Ministerio P\u00fablico de la Acusaci\u00f3n.<\/p>\n","protected":false},"excerpt":{"rendered":"<p>En el lugar esta en la etapa final la construcci\u00f3n el nuevo Instituto de Recuperaci\u00f3n de Mujeres, Unidad N\u00b0 5. Se invirtieron 600 millones de pesos El gobernador Miguel Lifschitz, junto a los ministros de Seguridad, Maximiliano Pullaro, y de Obras P\u00fablicas, Pedro Morini, recorrieron este martes las instalaciones de la nueva Alcaidia ubicada en <a href=\"https:\/\/armstrongyregion.com.ar\/diario\/comienza-a-funcionar-la-alcaidia-del-nuevo-complejo-penitenciario-de-rosario-lifschitz-recorrio-el-predio\/\" title=\"Read more\" >&#8230;<\/a><\/p>\n","protected":false},"author":1,"featured_media":16037,"comment_status":"open","ping_status":"open","sticky":false,"template":"","format":"standard","meta":{"_jetpack_memberships_contains_paid_content":false,"footnotes":"","jetpack_publicize_message":"","jetpack_publicize_feature_enabled":true,"jetpack_social_post_already_shared":false,"jetpack_social_options":{"image_generator_settings":{"template":"highway","default_image_id":0,"enabled":false},"version":2}},"categories":[8,1,7,3],"tags":[33,6360,1299,15,2980,31,784],"class_list":["post-16036","post","type-post","status-publish","format-standard","has-post-thumbnail","hentry","category-deliberando","category-diario-armstrong","category-politica","category-region","tag-a","tag-alcaldia","tag-comienza","tag-en","tag-funciona","tag-la","tag-rosario"],"jetpack_publicize_connections":[],"jetpack_featured_media_url":"https:\/\/armstrongyregion.com.ar\/diario\/wp-content\/uploads\/2018\/01\/secun.jpg","jetpack_shortlink":"https:\/\/wp.me\/p62QDO-4aE","jetpack_sharing_enabled":true,"amp_enabled":true,"_links":{"self":[{"href":"https:\/\/armstrongyregion.com.ar\/diario\/wp-json\/wp\/v2\/posts\/16036","targetHints":{"allow":["GET"]}}],"collection":[{"href":"https:\/\/armstrongyregion.com.ar\/diario\/wp-json\/wp\/v2\/posts"}],"about":[{"href":"https:\/\/armstrongyregion.com.ar\/diario\/wp-json\/wp\/v2\/types\/post"}],"author":[{"embeddable":true,"href":"https:\/\/armstrongyregion.com.ar\/diario\/wp-json\/wp\/v2\/users\/1"}],"replies":[{"embeddable":true,"href":"https:\/\/armstrongyregion.com.ar\/diario\/wp-json\/wp\/v2\/comments?post=16036"}],"version-history":[{"count":0,"href":"https:\/\/armstrongyregion.com.ar\/diario\/wp-json\/wp\/v2\/posts\/16036\/revisions"}],"wp:featuredmedia":[{"embeddable":true,"href":"https:\/\/armstrongyregion.com.ar\/diario\/wp-json\/wp\/v2\/media\/16037"}],"wp:attachment":[{"href":"https:\/\/armstrongyregion.com.ar\/diario\/wp-json\/wp\/v2\/media?parent=16036"}],"wp:term":[{"taxonomy":"category","embeddable":true,"href":"https:\/\/armstrongyregion.com.ar\/diario\/wp-json\/wp\/v2\/categories?post=16036"},{"taxonomy":"post_tag","embeddable":true,"href":"https:\/\/armstrongyregion.com.ar\/diario\/wp-json\/wp\/v2\/tags?post=16036"}],"curies":[{"name":"wp","href":"https:\/\/api.w.org\/{rel}","templated":true}]}}