{"id":16016,"date":"2018-01-28T22:39:17","date_gmt":"2018-01-28T22:39:17","guid":{"rendered":"https:\/\/armstrongyregion.com.ar\/diario\/?p=16016"},"modified":"2018-01-28T22:39:17","modified_gmt":"2018-01-28T22:39:17","slug":"las-rosas-ordenanza-sobre-conservacion-de-espacios-verdes-y-publicos","status":"publish","type":"post","link":"https:\/\/armstrongyregion.com.ar\/diario\/las-rosas-ordenanza-sobre-conservacion-de-espacios-verdes-y-publicos\/","title":{"rendered":"Las Rosas. Ordenanza sobre conservaci\u00f3n de espacios verdes y p\u00fablicos."},"content":{"rendered":"<p><a href=\"http:\/\/armstrongyregion.com.ar\/diario\/wp-content\/uploads\/2018\/01\/cortar_cesped_casa_jardin_Blog_Reparalia_1.jpg\"><img loading=\"lazy\" decoding=\"async\" src=\"http:\/\/armstrongyregion.com.ar\/diario\/wp-content\/uploads\/2018\/01\/cortar_cesped_casa_jardin_Blog_Reparalia_1.jpg\" alt=\"cortar_cesped_casa_jardin_Blog_Reparalia_1\" width=\"768\" height=\"512\" class=\"alignnone size-full wp-image-16017\" srcset=\"https:\/\/armstrongyregion.com.ar\/diario\/wp-content\/uploads\/2018\/01\/cortar_cesped_casa_jardin_Blog_Reparalia_1.jpg 768w, https:\/\/armstrongyregion.com.ar\/diario\/wp-content\/uploads\/2018\/01\/cortar_cesped_casa_jardin_Blog_Reparalia_1-300x200.jpg 300w\" sizes=\"auto, (max-width: 768px) 100vw, 768px\" \/><\/a>Ordenanza N\u00ba 1719\/ 2018<\/p>\n<p>VISTO:<br \/>\nLa necesidad de regular el corte de pasto y limpieza de las veredas de frentistas (conservaci\u00f3n de espacios p\u00fablicos verdes).<\/p>\n<p>CONSIDERANDO:<br \/>\nQue es necesario regular la mencionada actividad a los fines de mantener una ciudad limpia y en correcto estado de higiene y salubridad, generando adem\u00e1s un sentido de pertenencia de cada vecino con Las Rosas y su ambiente;<br \/>\nQue en la tributaria se regula lo que ata\u00f1e a espacios p\u00fablicos (parques, plazas, espacios de recreaci\u00f3n, edificios p\u00fablicos entre otros),<br \/>\nQue municipios como Las Rosas ya han implementado este tipo de legislaci\u00f3n donde se compromete y exige a los vecinos el cuidado y embellecimiento homog\u00e9neo de las veredas p\u00fablicas;<\/p>\n<p>POR ELLO el H\u00ba Concejo Municipal de Las Rosas sanciona la siguiente<\/p>\n<p>ORDENANZA<\/p>\n<p>ARTICULO 1\u00ba: Ser\u00e1 obligaci\u00f3n del ciudadano frentista la limpieza y desmalezamiento del espacio verde de su vereda. La misma comprende el corte de pasto como as\u00ed tambi\u00e9n la destrucci\u00f3n mec\u00e1nica de las malezas y\/o yuyos, manteniendo a su vez el \u00e1rea libre de otro tipo de residuos contaminantes y que pudieran impedir el escurrimiento pluvial.<\/p>\n<p>ARTICULO 2\u00ba: Aquellas veredas de frentistas, cuyo pastos llegan a una altura mayor a los 10 cent\u00edmetros la Municipalidad de Las Rosas, previo al labrado de un acta de constataci\u00f3n y fotograf\u00edas de la misma, y en ejercicio de su poder de polic\u00eda y en miras de la higiene y salubridad proceder\u00e1 al corte de pasto y limpieza de mencionada vereda.<\/p>\n<p>ARTICULO 3\u00ba: El costo de la limpieza realizada por la municipalidad ser\u00e1 de 2 LITROS DE NAFTA SUPER YPF por metro lineal de frente que consta en el n\u00famero de contribuyente como metros de frente, independientemente de los metros de c\u00e9sped del frentista. Una vez realizado el corte y c\u00e1lculo del trabajo de MUNICIPALIDAD cargar\u00e1 al contribuyente frentista el costo del mismo a la TASA GENERAL DE INMUEBLES.<\/p>\n<p>ARTICULO 4\u00ba: Reg\u00edstrese, arch\u00edvese y comun\u00edquese al Registro municipal de tr\u00e1nsito y al Departamento Ejecutivo Municipal para su promulgaci\u00f3n e instrumentaci\u00f3n.<\/p>\n<p>SALA DE SESIONES, 11 DE ENERO DE 2018<\/p>\n<p>Proyecto del DEM<\/p>\n<p>Aprobada por Mayor\u00eda de Votos<\/p>\n","protected":false},"excerpt":{"rendered":"<p>Ordenanza N\u00ba 1719\/ 2018 VISTO: La necesidad de regular el corte de pasto y limpieza de las veredas de frentistas (conservaci\u00f3n de espacios p\u00fablicos verdes). CONSIDERANDO: Que es necesario regular la mencionada actividad a los fines de mantener una ciudad limpia y en correcto estado de higiene y salubridad, generando adem\u00e1s un sentido de pertenencia <a href=\"https:\/\/armstrongyregion.com.ar\/diario\/las-rosas-ordenanza-sobre-conservacion-de-espacios-verdes-y-publicos\/\" title=\"Read more\" >&#8230;<\/a><\/p>\n","protected":false},"author":1,"featured_media":16017,"comment_status":"open","ping_status":"open","sticky":false,"template":"","format":"standard","meta":{"_jetpack_memberships_contains_paid_content":false,"footnotes":"","jetpack_publicize_message":"","jetpack_publicize_feature_enabled":true,"jetpack_social_post_already_shared":false,"jetpack_social_options":{"image_generator_settings":{"template":"highway","default_image_id":0,"enabled":false},"version":2}},"categories":[1,7,3],"tags":[20,3398,19,627,23,388,361,6354,13],"class_list":["post-16016","post","type-post","status-publish","format-standard","has-post-thumbnail","hentry","category-diario-armstrong","category-politica","category-region","tag-armstrong","tag-conservacion","tag-de","tag-espacios","tag-las","tag-region-2","tag-rosas","tag-verdes","tag-y"],"jetpack_publicize_connections":[],"jetpack_featured_media_url":"https:\/\/armstrongyregion.com.ar\/diario\/wp-content\/uploads\/2018\/01\/cortar_cesped_casa_jardin_Blog_Reparalia_1.jpg","jetpack_shortlink":"https:\/\/wp.me\/p62QDO-4ak","jetpack_sharing_enabled":true,"amp_enabled":true,"_links":{"self":[{"href":"https:\/\/armstrongyregion.com.ar\/diario\/wp-json\/wp\/v2\/posts\/16016","targetHints":{"allow":["GET"]}}],"collection":[{"href":"https:\/\/armstrongyregion.com.ar\/diario\/wp-json\/wp\/v2\/posts"}],"about":[{"href":"https:\/\/armstrongyregion.com.ar\/diario\/wp-json\/wp\/v2\/types\/post"}],"author":[{"embeddable":true,"href":"https:\/\/armstrongyregion.com.ar\/diario\/wp-json\/wp\/v2\/users\/1"}],"replies":[{"embeddable":true,"href":"https:\/\/armstrongyregion.com.ar\/diario\/wp-json\/wp\/v2\/comments?post=16016"}],"version-history":[{"count":0,"href":"https:\/\/armstrongyregion.com.ar\/diario\/wp-json\/wp\/v2\/posts\/16016\/revisions"}],"wp:featuredmedia":[{"embeddable":true,"href":"https:\/\/armstrongyregion.com.ar\/diario\/wp-json\/wp\/v2\/media\/16017"}],"wp:attachment":[{"href":"https:\/\/armstrongyregion.com.ar\/diario\/wp-json\/wp\/v2\/media?parent=16016"}],"wp:term":[{"taxonomy":"category","embeddable":true,"href":"https:\/\/armstrongyregion.com.ar\/diario\/wp-json\/wp\/v2\/categories?post=16016"},{"taxonomy":"post_tag","embeddable":true,"href":"https:\/\/armstrongyregion.com.ar\/diario\/wp-json\/wp\/v2\/tags?post=16016"}],"curies":[{"name":"wp","href":"https:\/\/api.w.org\/{rel}","templated":true}]}}