{"id":15999,"date":"2018-01-26T00:12:16","date_gmt":"2018-01-26T00:12:16","guid":{"rendered":"https:\/\/armstrongyregion.com.ar\/diario\/?p=15999"},"modified":"2018-01-26T00:12:16","modified_gmt":"2018-01-26T00:12:16","slug":"lo-detectan-por-sistema-de-lector-de-patentes-con-un-auto-robado-en-armstrong-y-llevaba-una-granada-desactivada","status":"publish","type":"post","link":"https:\/\/armstrongyregion.com.ar\/diario\/lo-detectan-por-sistema-de-lector-de-patentes-con-un-auto-robado-en-armstrong-y-llevaba-una-granada-desactivada\/","title":{"rendered":"Lo detectan por sistema de lector de patentes con un auto robado en Armstrong y llevaba una granada desactivada."},"content":{"rendered":"<p><a href=\"http:\/\/armstrongyregion.com.ar\/diario\/wp-content\/uploads\/2018\/01\/Aveo-Robado-.jpg\"><img loading=\"lazy\" decoding=\"async\" src=\"http:\/\/armstrongyregion.com.ar\/diario\/wp-content\/uploads\/2018\/01\/Aveo-Robado-.jpg\" alt=\"Aveo-Robado-\" width=\"960\" height=\"540\" class=\"alignnone size-full wp-image-16000\" srcset=\"https:\/\/armstrongyregion.com.ar\/diario\/wp-content\/uploads\/2018\/01\/Aveo-Robado-.jpg 960w, https:\/\/armstrongyregion.com.ar\/diario\/wp-content\/uploads\/2018\/01\/Aveo-Robado--300x169.jpg 300w\" sizes=\"auto, (max-width: 960px) 100vw, 960px\" \/><\/a>Pasado el mediod\u00eda una de las c\u00e1maras lectoras de patentes (LPR) detecta una matr\u00edcula con pedido de captura. Inmediatamente el sistema de alarma pone de aviso al Personal de la Central de Monitoreo que comienza a rastrear el veh\u00edculo por la zona a trav\u00e9s de los sistemas de im\u00e1genes. Los m\u00f3viles en el lugar son informados de lo que ocurre y comienza la b\u00fasqueda.<br \/>\nEn Francia y Lamadrid un m\u00f3vil de la PAT logra detener al conductor del auto, un Chevrolet Aveo sustra\u00eddo en Armstrong el 10 de enero, de levante.<br \/>\nLos efectivos policiales requisan el coche y encuentran un artefacto explosivo, granada fmk-8 de ejercicio, por lo que personal de la Brigada Explosivo se hace presente en el lugar constatando que se encuentra desactivada.<br \/>\nEl sujeto que iba a bordo del Chevrolet fue puesto a disposici\u00f3n de la justicia.<br \/>\n\u201cEl sistema LPR est\u00e1 distribuido estrat\u00e9gicamente en distintos puntos de la ciudad y detecta las matriculas que se encuentran en b\u00fasqueda. Autom\u00e1ticamente la alarma pone en funcionamiento el procedimiento que nos permite, como en este caso detener al individuo y recuperar el veh\u00edculo. Funciona desde hace un tiempo y da buenos resultados\u201d. Se\u00f1alaron fuentes del Ministerio de Seguridad que encabeza Pullaro.<\/p>\n","protected":false},"excerpt":{"rendered":"<p>Pasado el mediod\u00eda una de las c\u00e1maras lectoras de patentes (LPR) detecta una matr\u00edcula con pedido de captura. Inmediatamente el sistema de alarma pone de aviso al Personal de la Central de Monitoreo que comienza a rastrear el veh\u00edculo por la zona a trav\u00e9s de los sistemas de im\u00e1genes. Los m\u00f3viles en el lugar son <a href=\"https:\/\/armstrongyregion.com.ar\/diario\/lo-detectan-por-sistema-de-lector-de-patentes-con-un-auto-robado-en-armstrong-y-llevaba-una-granada-desactivada\/\" title=\"Read more\" >&#8230;<\/a><\/p>\n","protected":false},"author":1,"featured_media":16000,"comment_status":"open","ping_status":"open","sticky":false,"template":"","format":"standard","meta":{"_jetpack_memberships_contains_paid_content":false,"footnotes":"","jetpack_publicize_message":"","jetpack_publicize_feature_enabled":true,"jetpack_social_post_already_shared":false,"jetpack_social_options":{"image_generator_settings":{"template":"highway","default_image_id":0,"enabled":false},"version":2}},"categories":[8,1,2,2852,7,3],"tags":[6347],"class_list":["post-15999","post","type-post","status-publish","format-standard","has-post-thumbnail","hentry","category-deliberando","category-diario-armstrong","category-locales","category-policiales","category-politica","category-region","tag-lo-detectan-por-sistema-de-lector-de-patentes-con-un-auto-robado-en-armstrong-y-llevaba-una-granada-desactivada"],"jetpack_publicize_connections":[],"jetpack_featured_media_url":"https:\/\/armstrongyregion.com.ar\/diario\/wp-content\/uploads\/2018\/01\/Aveo-Robado-.jpg","jetpack_shortlink":"https:\/\/wp.me\/p62QDO-4a3","jetpack_sharing_enabled":true,"amp_enabled":true,"_links":{"self":[{"href":"https:\/\/armstrongyregion.com.ar\/diario\/wp-json\/wp\/v2\/posts\/15999","targetHints":{"allow":["GET"]}}],"collection":[{"href":"https:\/\/armstrongyregion.com.ar\/diario\/wp-json\/wp\/v2\/posts"}],"about":[{"href":"https:\/\/armstrongyregion.com.ar\/diario\/wp-json\/wp\/v2\/types\/post"}],"author":[{"embeddable":true,"href":"https:\/\/armstrongyregion.com.ar\/diario\/wp-json\/wp\/v2\/users\/1"}],"replies":[{"embeddable":true,"href":"https:\/\/armstrongyregion.com.ar\/diario\/wp-json\/wp\/v2\/comments?post=15999"}],"version-history":[{"count":0,"href":"https:\/\/armstrongyregion.com.ar\/diario\/wp-json\/wp\/v2\/posts\/15999\/revisions"}],"wp:featuredmedia":[{"embeddable":true,"href":"https:\/\/armstrongyregion.com.ar\/diario\/wp-json\/wp\/v2\/media\/16000"}],"wp:attachment":[{"href":"https:\/\/armstrongyregion.com.ar\/diario\/wp-json\/wp\/v2\/media?parent=15999"}],"wp:term":[{"taxonomy":"category","embeddable":true,"href":"https:\/\/armstrongyregion.com.ar\/diario\/wp-json\/wp\/v2\/categories?post=15999"},{"taxonomy":"post_tag","embeddable":true,"href":"https:\/\/armstrongyregion.com.ar\/diario\/wp-json\/wp\/v2\/tags?post=15999"}],"curies":[{"name":"wp","href":"https:\/\/api.w.org\/{rel}","templated":true}]}}