{"id":15991,"date":"2018-01-25T11:46:18","date_gmt":"2018-01-25T11:46:18","guid":{"rendered":"https:\/\/armstrongyregion.com.ar\/diario\/?p=15991"},"modified":"2018-01-25T11:46:18","modified_gmt":"2018-01-25T11:46:18","slug":"el-foro-de-intendentes-radicales-solicitara-reunion-con-legisladores-por-los-fondos-que-les-corresponden","status":"publish","type":"post","link":"https:\/\/armstrongyregion.com.ar\/diario\/el-foro-de-intendentes-radicales-solicitara-reunion-con-legisladores-por-los-fondos-que-les-corresponden\/","title":{"rendered":"El Foro de Intendentes Radicales solicitar\u00e1 reuni\u00f3n con legisladores por los fondos que les corresponden."},"content":{"rendered":"<p><a href=\"http:\/\/armstrongyregion.com.ar\/diario\/wp-content\/uploads\/2018\/01\/foro-int-radicales-.jpg\"><img loading=\"lazy\" decoding=\"async\" src=\"http:\/\/armstrongyregion.com.ar\/diario\/wp-content\/uploads\/2018\/01\/foro-int-radicales-.jpg\" alt=\"foro-int-radicales-\" width=\"768\" height=\"370\" class=\"alignnone size-full wp-image-15992\" srcset=\"https:\/\/armstrongyregion.com.ar\/diario\/wp-content\/uploads\/2018\/01\/foro-int-radicales-.jpg 768w, https:\/\/armstrongyregion.com.ar\/diario\/wp-content\/uploads\/2018\/01\/foro-int-radicales--300x145.jpg 300w\" sizes=\"auto, (max-width: 768px) 100vw, 768px\" \/><\/a>Con una amplia convocatoria, una treintena de intendentes y presidentes comunales radicales de toda la provincia se reunieron en la ciudad de Santa Fe. Como resultado del encuentro, acordaron solicitar una reuni\u00f3n con legisladores para abordar entre otras cuestiones los fondos que les corresponden en virtud del Pacto Fiscal suscripto entre Naci\u00f3n y Provincia y las obras comprometidas en sus localidades del endeudamiento provincial_.<\/p>\n<p>El Foro de Intendentes y Presidentes Comunales Radicales de Santa Fe se reuni\u00f3 en la capital provincial. Del encuentro participaron una treintena de mandatarios de diferentes puntos de la provincia, que acordaron -entre otros temas- solicitar una reuni\u00f3n con legisladores provinciales para discutir los fondos que les corresponden a los municipios en virtud de Pacto Fiscal, como as\u00ed tambi\u00e9n la posibilidad de tomar cr\u00e9dito para obras de pavimentaci\u00f3n.<br \/>\nDel encuentro participaron los intendentes Jos\u00e9 Corral, de Santa Fe; Dionisio Scarp\u00edn, de Avellaneda; Nicol\u00e1s Cuesta, de San Justo; Ver\u00f3nica Schuager, de Carcara\u00f1\u00e1; Mario Migno, de San Javier; Leonardo Raimundo, de San Lorenzo; Enrique Padu\u00e1n, de Villa Ocampo; Pablo Verdecchia, de Armstrong; Reynaldo Fabbroni, de Vera; Sergio Ramseyer, de Romang; Gast\u00f3n Marconcini, de San Genaro; Roberto Gizzi, de Villa Ca\u00f1\u00e1s; Victoria Civallero, de Frontera; y los presidentes comunales de Nelson, H\u00e9ctor Leiva; de San Vicente, Gonzalo Aira; de Monte Vera, Beto Pallero; de Montefiori, Claudio Teloni; de Piamonte, Carlos Bongiovani; de Nicanor Molinas, Roberto Giuliani; de Las Garzas, Walter S\u00e1nchez; de San Ger\u00f3nimo Sud, Horacio Ciancio; de Margarita, Ariel Bola\u00f1o; de Fuentes, Melina Giorgi; de San Bernardo, Marisel Asan; de Humboldt, Duilio Rorhmann; de Los Laureles, Elias Muchiut; de Estaci\u00f3n Clucellas, Ra\u00fal Cuggino; de Clucellas, Jos\u00e9 Kavulski, y de El Araz\u00e1, Abel Prez.<br \/>\n\u201cRecibimos en Santa Fe a intendentes y presidentes comunales de toda la geograf\u00eda provincial. Es una muy buena convocatoria: est\u00e1n los hombres y mujeres del radicalismo que conducen las principales ciudades y comunas, de todos los departamentos, para conversar los temas que nos interesan a los municipios\u201d, asegur\u00f3 el anfitri\u00f3n Jos\u00e9 Corral. \u201cHay en el futuro en la provincia discusiones en la Legislatura respecto de los recursos. Los Municipios tenemos muchas responsabilidades, sue\u00f1os y reclamos de nuestros vecinos para atender, y para eso debemos contar con los recursos necesarios, y queremos llevar a las autoridades de nuestro partido, a los legisladores y tambi\u00e9n a las autoridades provinciales y al propio gobernador la mirada de los intendentes de la UCR\u201d, asegur\u00f3.<br \/>\nPor su parte, el presidente del Foro de Intendentes Radicales de Santa Fe destac\u00f3 que \u201csi hay una fortaleza del radicalismo es la representaci\u00f3n geogr\u00e1fica que tenemos. Este Foro tiene una particularidad: ac\u00e1 est\u00e1n todos los sectores pol\u00edticos de la UCR, y justamente lo conformamos para mantener esa fortaleza que nos une: somos intendentes y radicales\u201d.<br \/>\nEn esa l\u00ednea, el intendente de Avellaneda resalt\u00f3 que \u201clo que vamos a pelear en este espacio son todos los temas de gesti\u00f3n que tenemos en com\u00fan. Hoy nos juntamos para discutir las cuestiones financieras, porque hay un acuerdo fiscal entre Naci\u00f3n y Provincia que se va a tratar en la Legislatura y que involucra recursos que tienen que ver con los Municipios. Apuntamos a sacar una posici\u00f3n unificada para llevar a los legisladores y autoridades. Nosotros tenemos much\u00edsimas m\u00e1s funciones que a\u00f1os atr\u00e1s, y para cumplir con esas funciones necesitamos recursos, y hay recursos en este consenso fiscal que tenemos que cuidar\u201d.<br \/>\nUna de las propuestas que elvar\u00e1 el Foro, ser\u00e1 la posibilidad de endeudamiento para pavimentos. Hubo consenso en que la Provincia ayude a los municipios a financiar -equitativamente y en orden a las distribuciones que existen en la Ley de Coparticipaci\u00f3n, de manera que no haya discrecionalidad- para que se pueda avanzar m\u00e1s r\u00e1pidamente en la reparaci\u00f3n de pavimentos. \u201cEn todos los casos tenemos muchas necesidades, y si esto se puede compensar con lo que Provincia va a recibir de Naci\u00f3n por la deuda, es una propuesta que debemos acompa\u00f1ar\u201d, coincidieron.<br \/>\nPor su parte, Ver\u00f3nica Schuager remarc\u00f3 que \u201clos municipios y comunas llevamos adelante gestiones muy humildes. Necesitamos gestionar que se siga cumpliendo con los aportes que tanto Naci\u00f3n como Provincia deben enviarnos, y queremos proponer diferentes posibilidades para incrementar nuestros ingresos y poder seguir contando con el tan necesario apoyo de Naci\u00f3n como de Provincia\u201d, dijo la intendenta de Carcara\u00f1\u00e1.<br \/>\nFinalmente, Nicol\u00e1s Cuesta sostuvo que \u201csi uno mira las ciudades que est\u00e1n presentes y su incidencia en el panorama productivo de la provincia, como as\u00ed tambi\u00e9n de la cantidad de gente que representamos quienes integramos el Foro, dimensiona realmente la importancia que tiene este espacio, y por eso invitamos a las autoridades a que nos escuchen\u201d, concluy\u00f3.<\/p>\n","protected":false},"excerpt":{"rendered":"<p>Con una amplia convocatoria, una treintena de intendentes y presidentes comunales radicales de toda la provincia se reunieron en la ciudad de Santa Fe. Como resultado del encuentro, acordaron solicitar una reuni\u00f3n con legisladores para abordar entre otras cuestiones los fondos que les corresponden en virtud del Pacto Fiscal suscripto entre Naci\u00f3n y Provincia y <a href=\"https:\/\/armstrongyregion.com.ar\/diario\/el-foro-de-intendentes-radicales-solicitara-reunion-con-legisladores-por-los-fondos-que-les-corresponden\/\" title=\"Read more\" >&#8230;<\/a><\/p>\n","protected":false},"author":1,"featured_media":15992,"comment_status":"open","ping_status":"open","sticky":false,"template":"","format":"standard","meta":{"_jetpack_memberships_contains_paid_content":false,"footnotes":"","jetpack_publicize_message":"","jetpack_publicize_feature_enabled":true,"jetpack_social_post_already_shared":false,"jetpack_social_options":{"image_generator_settings":{"template":"highway","default_image_id":0,"enabled":false},"version":2}},"categories":[8,1,2,7,3],"tags":[19,3102,1931,6345,388,13],"class_list":["post-15991","post","type-post","status-publish","format-standard","has-post-thumbnail","hentry","category-deliberando","category-diario-armstrong","category-locales","category-politica","category-region","tag-de","tag-foro","tag-intendentes","tag-radicales-armstrong","tag-region-2","tag-y"],"jetpack_publicize_connections":[],"jetpack_featured_media_url":"https:\/\/armstrongyregion.com.ar\/diario\/wp-content\/uploads\/2018\/01\/foro-int-radicales-.jpg","jetpack_shortlink":"https:\/\/wp.me\/p62QDO-49V","jetpack_sharing_enabled":true,"amp_enabled":true,"_links":{"self":[{"href":"https:\/\/armstrongyregion.com.ar\/diario\/wp-json\/wp\/v2\/posts\/15991","targetHints":{"allow":["GET"]}}],"collection":[{"href":"https:\/\/armstrongyregion.com.ar\/diario\/wp-json\/wp\/v2\/posts"}],"about":[{"href":"https:\/\/armstrongyregion.com.ar\/diario\/wp-json\/wp\/v2\/types\/post"}],"author":[{"embeddable":true,"href":"https:\/\/armstrongyregion.com.ar\/diario\/wp-json\/wp\/v2\/users\/1"}],"replies":[{"embeddable":true,"href":"https:\/\/armstrongyregion.com.ar\/diario\/wp-json\/wp\/v2\/comments?post=15991"}],"version-history":[{"count":0,"href":"https:\/\/armstrongyregion.com.ar\/diario\/wp-json\/wp\/v2\/posts\/15991\/revisions"}],"wp:featuredmedia":[{"embeddable":true,"href":"https:\/\/armstrongyregion.com.ar\/diario\/wp-json\/wp\/v2\/media\/15992"}],"wp:attachment":[{"href":"https:\/\/armstrongyregion.com.ar\/diario\/wp-json\/wp\/v2\/media?parent=15991"}],"wp:term":[{"taxonomy":"category","embeddable":true,"href":"https:\/\/armstrongyregion.com.ar\/diario\/wp-json\/wp\/v2\/categories?post=15991"},{"taxonomy":"post_tag","embeddable":true,"href":"https:\/\/armstrongyregion.com.ar\/diario\/wp-json\/wp\/v2\/tags?post=15991"}],"curies":[{"name":"wp","href":"https:\/\/api.w.org\/{rel}","templated":true}]}}