{"id":15978,"date":"2018-01-24T14:48:00","date_gmt":"2018-01-24T14:48:00","guid":{"rendered":"https:\/\/armstrongyregion.com.ar\/diario\/?p=15978"},"modified":"2018-01-24T14:48:00","modified_gmt":"2018-01-24T14:48:00","slug":"armstrong-se-realizo-un-acto-en-homenaje-a-los-cooperativistas","status":"publish","type":"post","link":"https:\/\/armstrongyregion.com.ar\/diario\/armstrong-se-realizo-un-acto-en-homenaje-a-los-cooperativistas\/","title":{"rendered":"Armstrong. Se realiz\u00f3 un acto en Homenaje a los Cooperativistas."},"content":{"rendered":"<p><a href=\"http:\/\/armstrongyregion.com.ar\/diario\/wp-content\/uploads\/2018\/01\/cooperativistas-1-.jpg\"><img loading=\"lazy\" decoding=\"async\" src=\"http:\/\/armstrongyregion.com.ar\/diario\/wp-content\/uploads\/2018\/01\/cooperativistas-1-.jpg\" alt=\"cooperativistas-1-\" width=\"960\" height=\"720\" class=\"alignnone size-full wp-image-15979\" srcset=\"https:\/\/armstrongyregion.com.ar\/diario\/wp-content\/uploads\/2018\/01\/cooperativistas-1-.jpg 960w, https:\/\/armstrongyregion.com.ar\/diario\/wp-content\/uploads\/2018\/01\/cooperativistas-1--300x225.jpg 300w\" sizes=\"auto, (max-width: 960px) 100vw, 960px\" \/><\/a>En la tarde del 23 de enero, se realiz\u00f3 un acto homenaje en la Plaza P\u00e9rez Esquivel al conmemorarse un nuevo aniversario del asesinato de los cooperativistas.<br \/>\n<a href=\"http:\/\/armstrongyregion.com.ar\/diario\/wp-content\/uploads\/2018\/01\/cooperativistas-3-.jpg\"><img loading=\"lazy\" decoding=\"async\" src=\"http:\/\/armstrongyregion.com.ar\/diario\/wp-content\/uploads\/2018\/01\/cooperativistas-3-.jpg\" alt=\"cooperativistas-3-\" width=\"768\" height=\"576\" class=\"alignnone size-full wp-image-15980\" srcset=\"https:\/\/armstrongyregion.com.ar\/diario\/wp-content\/uploads\/2018\/01\/cooperativistas-3-.jpg 768w, https:\/\/armstrongyregion.com.ar\/diario\/wp-content\/uploads\/2018\/01\/cooperativistas-3--300x225.jpg 300w\" sizes=\"auto, (max-width: 768px) 100vw, 768px\" \/><\/a>Se record\u00f3  aquella tr\u00e1gica fecha donde perdieron la vida Odorico Montorfano, inspector de cooperativas, de la ciudad de Rosario; V\u00edctor Cantoia, Aldo Alberto Viotto, H\u00e9ctor Roberto Blanch y Ernesto Pascucci, todos habitantes de Armstrong que desempe\u00f1aban actividades en la Cooperativa Agr\u00edcola Ganadera de Armstrong Ltda.<br \/>\nEl intendente Dr. Pablo Verdecchia expres\u00f3: \u201cRecordar esta fecha que marco tanto a la poblaci\u00f3n de Armstrong, reivindica nuestra memoria, porque desde la memoria podemos pensar en futuro, sin memoria es muy dif\u00edcil. Este fue un hecho que marco much\u00edsimo a nuestra poblaci\u00f3n, enluto a nuestra ciudad  en un momento muy dif\u00edcil, estas personas adem\u00e1s de ser inocentes ten\u00edan enorme una vocaci\u00f3n de servicio, siempre a disposici\u00f3n de sus asociados y hay que recordarlos y aprender de nuestro pasado para que este tipo de cosas no vuelva a pasar en nuestro pa\u00eds\u201d.<\/p>\n","protected":false},"excerpt":{"rendered":"<p>En la tarde del 23 de enero, se realiz\u00f3 un acto homenaje en la Plaza P\u00e9rez Esquivel al conmemorarse un nuevo aniversario del asesinato de los cooperativistas. Se record\u00f3 aquella tr\u00e1gica fecha donde perdieron la vida Odorico Montorfano, inspector de cooperativas, de la ciudad de Rosario; V\u00edctor Cantoia, Aldo Alberto Viotto, H\u00e9ctor Roberto Blanch y <a href=\"https:\/\/armstrongyregion.com.ar\/diario\/armstrong-se-realizo-un-acto-en-homenaje-a-los-cooperativistas\/\" title=\"Read more\" >&#8230;<\/a><\/p>\n","protected":false},"author":1,"featured_media":15979,"comment_status":"open","ping_status":"open","sticky":false,"template":"","format":"standard","meta":{"_jetpack_memberships_contains_paid_content":false,"footnotes":"","jetpack_publicize_message":"","jetpack_publicize_feature_enabled":true,"jetpack_social_post_already_shared":false,"jetpack_social_options":{"image_generator_settings":{"template":"highway","default_image_id":0,"enabled":false},"version":2}},"categories":[6,8,1,2,3],"tags":[6343],"class_list":["post-15978","post","type-post","status-publish","format-standard","has-post-thumbnail","hentry","category-cultura-entretenimiento","category-deliberando","category-diario-armstrong","category-locales","category-region","tag-armstrong-se-realizo-un-acto-en-homenaje-a-los-cooperativistas"],"jetpack_publicize_connections":[],"jetpack_featured_media_url":"https:\/\/armstrongyregion.com.ar\/diario\/wp-content\/uploads\/2018\/01\/cooperativistas-1-.jpg","jetpack_shortlink":"https:\/\/wp.me\/p62QDO-49I","jetpack_sharing_enabled":true,"amp_enabled":true,"_links":{"self":[{"href":"https:\/\/armstrongyregion.com.ar\/diario\/wp-json\/wp\/v2\/posts\/15978","targetHints":{"allow":["GET"]}}],"collection":[{"href":"https:\/\/armstrongyregion.com.ar\/diario\/wp-json\/wp\/v2\/posts"}],"about":[{"href":"https:\/\/armstrongyregion.com.ar\/diario\/wp-json\/wp\/v2\/types\/post"}],"author":[{"embeddable":true,"href":"https:\/\/armstrongyregion.com.ar\/diario\/wp-json\/wp\/v2\/users\/1"}],"replies":[{"embeddable":true,"href":"https:\/\/armstrongyregion.com.ar\/diario\/wp-json\/wp\/v2\/comments?post=15978"}],"version-history":[{"count":0,"href":"https:\/\/armstrongyregion.com.ar\/diario\/wp-json\/wp\/v2\/posts\/15978\/revisions"}],"wp:featuredmedia":[{"embeddable":true,"href":"https:\/\/armstrongyregion.com.ar\/diario\/wp-json\/wp\/v2\/media\/15979"}],"wp:attachment":[{"href":"https:\/\/armstrongyregion.com.ar\/diario\/wp-json\/wp\/v2\/media?parent=15978"}],"wp:term":[{"taxonomy":"category","embeddable":true,"href":"https:\/\/armstrongyregion.com.ar\/diario\/wp-json\/wp\/v2\/categories?post=15978"},{"taxonomy":"post_tag","embeddable":true,"href":"https:\/\/armstrongyregion.com.ar\/diario\/wp-json\/wp\/v2\/tags?post=15978"}],"curies":[{"name":"wp","href":"https:\/\/api.w.org\/{rel}","templated":true}]}}