{"id":15933,"date":"2018-01-18T03:23:00","date_gmt":"2018-01-18T03:23:00","guid":{"rendered":"https:\/\/armstrongyregion.com.ar\/diario\/?p=15933"},"modified":"2018-01-18T03:23:00","modified_gmt":"2018-01-18T03:23:00","slug":"las-pre-lunas-se-realizaran-en-bustinza-y-totoras","status":"publish","type":"post","link":"https:\/\/armstrongyregion.com.ar\/diario\/las-pre-lunas-se-realizaran-en-bustinza-y-totoras\/","title":{"rendered":"Las Pre Lunas se realizar\u00e1n en Bustinza y Totoras"},"content":{"rendered":"<p>Como parte del \u00abCorredor Cultural de la ruta 91\u00bb, la intendenta Cl\u00e9rici junto a sus pares de las localidades mencionadas acordaron las fechas. Los ganadores estar\u00e1n en la 31\u00ba edici\u00f3n del Festival Las Tres Lunas.<\/p>\n<p>Como parte del \u00abCorredor Cultural de la ruta 91\u00bb que integran Ca\u00f1ada de G\u00f3mez, Bustinza y Totoras, se realizar\u00e1n dos Pre Lunas en las localidades mencionadas para promover artistas de la regi\u00f3n y que est\u00e9n presentes en la 31\u00ba edici\u00f3n de Las Tres Lunas.<br \/>\nLa intendenta Cl\u00e9rici se reuni\u00f3 junto con la secretaria de Cultura y el presidente de la Comisi\u00f3n Organizadora del Festival, con el presidente comunal Fabi\u00e1n Ballori y el intendente Horacio Carnevali para coordinar las fechas de realizaci\u00f3n. De esta manera, qued\u00f3 establecido que se llevar\u00e1n a cabo en Bustinza el 3 de febrero y en Totoras el 18 de febrero, quedando seleccionado en cada localidad un solista y un grupo en categor\u00eda folklore y tango, para integrar la grilla de las Tres Lunas 2018.<\/p>\n","protected":false},"excerpt":{"rendered":"<p>Como parte del \u00abCorredor Cultural de la ruta 91\u00bb, la intendenta Cl\u00e9rici junto a sus pares de las localidades mencionadas acordaron las fechas. Los ganadores estar\u00e1n en la 31\u00ba edici\u00f3n del Festival Las Tres Lunas. Como parte del \u00abCorredor Cultural de la ruta 91\u00bb que integran Ca\u00f1ada de G\u00f3mez, Bustinza y Totoras, se realizar\u00e1n dos <a href=\"https:\/\/armstrongyregion.com.ar\/diario\/las-pre-lunas-se-realizaran-en-bustinza-y-totoras\/\" title=\"Read more\" >&#8230;<\/a><\/p>\n","protected":false},"author":2,"featured_media":15934,"comment_status":"open","ping_status":"open","sticky":false,"template":"","format":"standard","meta":{"_jetpack_memberships_contains_paid_content":false,"footnotes":"","jetpack_publicize_message":"","jetpack_publicize_feature_enabled":true,"jetpack_social_post_already_shared":false,"jetpack_social_options":{"image_generator_settings":{"template":"highway","default_image_id":0,"enabled":false},"version":2}},"categories":[1],"tags":[6327,6328],"class_list":["post-15933","post","type-post","status-publish","format-standard","has-post-thumbnail","hentry","category-diario-armstrong","tag-las-pre-lunas-en-bustinza","tag-las-pre-lunas-en-totoras"],"jetpack_publicize_connections":[],"jetpack_featured_media_url":"https:\/\/armstrongyregion.com.ar\/diario\/wp-content\/uploads\/2018\/01\/IMG_6454.jpg","jetpack_shortlink":"https:\/\/wp.me\/p62QDO-48Z","jetpack_sharing_enabled":true,"amp_enabled":true,"_links":{"self":[{"href":"https:\/\/armstrongyregion.com.ar\/diario\/wp-json\/wp\/v2\/posts\/15933","targetHints":{"allow":["GET"]}}],"collection":[{"href":"https:\/\/armstrongyregion.com.ar\/diario\/wp-json\/wp\/v2\/posts"}],"about":[{"href":"https:\/\/armstrongyregion.com.ar\/diario\/wp-json\/wp\/v2\/types\/post"}],"author":[{"embeddable":true,"href":"https:\/\/armstrongyregion.com.ar\/diario\/wp-json\/wp\/v2\/users\/2"}],"replies":[{"embeddable":true,"href":"https:\/\/armstrongyregion.com.ar\/diario\/wp-json\/wp\/v2\/comments?post=15933"}],"version-history":[{"count":0,"href":"https:\/\/armstrongyregion.com.ar\/diario\/wp-json\/wp\/v2\/posts\/15933\/revisions"}],"wp:featuredmedia":[{"embeddable":true,"href":"https:\/\/armstrongyregion.com.ar\/diario\/wp-json\/wp\/v2\/media\/15934"}],"wp:attachment":[{"href":"https:\/\/armstrongyregion.com.ar\/diario\/wp-json\/wp\/v2\/media?parent=15933"}],"wp:term":[{"taxonomy":"category","embeddable":true,"href":"https:\/\/armstrongyregion.com.ar\/diario\/wp-json\/wp\/v2\/categories?post=15933"},{"taxonomy":"post_tag","embeddable":true,"href":"https:\/\/armstrongyregion.com.ar\/diario\/wp-json\/wp\/v2\/tags?post=15933"}],"curies":[{"name":"wp","href":"https:\/\/api.w.org\/{rel}","templated":true}]}}