{"id":15913,"date":"2018-01-15T21:04:58","date_gmt":"2018-01-15T21:04:58","guid":{"rendered":"https:\/\/armstrongyregion.com.ar\/diario\/?p=15913"},"modified":"2018-01-15T21:04:58","modified_gmt":"2018-01-15T21:04:58","slug":"canada-de-gomez-17-denuncias-en-el-buzon-de-la-vida-2","status":"publish","type":"post","link":"https:\/\/armstrongyregion.com.ar\/diario\/canada-de-gomez-17-denuncias-en-el-buzon-de-la-vida-2\/","title":{"rendered":"Ca\u00f1ada de G\u00f3mez. 17 denuncias en el Buz\u00f3n de la Vida."},"content":{"rendered":"<p><a href=\"http:\/\/armstrongyregion.com.ar\/diario\/wp-content\/uploads\/2018\/01\/leiva-hoy-.jpg\"><img loading=\"lazy\" decoding=\"async\" src=\"http:\/\/armstrongyregion.com.ar\/diario\/wp-content\/uploads\/2018\/01\/leiva-hoy-.jpg\" alt=\"leiva-hoy-\" width=\"768\" height=\"512\" class=\"alignnone size-full wp-image-15914\" srcset=\"https:\/\/armstrongyregion.com.ar\/diario\/wp-content\/uploads\/2018\/01\/leiva-hoy-.jpg 768w, https:\/\/armstrongyregion.com.ar\/diario\/wp-content\/uploads\/2018\/01\/leiva-hoy--300x200.jpg 300w\" sizes=\"auto, (max-width: 768px) 100vw, 768px\" \/><\/a>El coordinador de Seguridad Lu\u00eds Leiva y el vice presidente del Concejo Marcelo Casalegno junto a representantes de vecinales e instituciones, realizaron una nueva apertura de esta herramienta ubicada en el Cuartel del Bomberos Voluntarios.<\/p>\n<p>En la ma\u00f1ana de este lunes se realiz\u00f3 la primera apertura del a\u00f1o del Buz\u00f3n de la Vida en las instalaciones del Cuartel de Bomberos. El acto fue encabezado por el coordinador de Seguridad Ciudadana Lu\u00eds Leiva y el vicepresidente del Concejo Municipal Marcelo Casalegno.<br \/>\nAnte la participaci\u00f3n de representantes de instituciones y vecinales se encontraron 17 denuncias que fueron remitidas a la Justicia Federal.<\/p>\n","protected":false},"excerpt":{"rendered":"<p>El coordinador de Seguridad Lu\u00eds Leiva y el vice presidente del Concejo Marcelo Casalegno junto a representantes de vecinales e instituciones, realizaron una nueva apertura de esta herramienta ubicada en el Cuartel del Bomberos Voluntarios. En la ma\u00f1ana de este lunes se realiz\u00f3 la primera apertura del a\u00f1o del Buz\u00f3n de la Vida en las <a href=\"https:\/\/armstrongyregion.com.ar\/diario\/canada-de-gomez-17-denuncias-en-el-buzon-de-la-vida-2\/\" title=\"Read more\" >&#8230;<\/a><\/p>\n","protected":false},"author":1,"featured_media":15914,"comment_status":"open","ping_status":"open","sticky":false,"template":"","format":"standard","meta":{"_jetpack_memberships_contains_paid_content":false,"footnotes":"","jetpack_publicize_message":"","jetpack_publicize_feature_enabled":true,"jetpack_social_post_already_shared":false,"jetpack_social_options":{"image_generator_settings":{"template":"highway","default_image_id":0,"enabled":false},"version":2}},"categories":[8,1,7,3],"tags":[6322],"class_list":["post-15913","post","type-post","status-publish","format-standard","has-post-thumbnail","hentry","category-deliberando","category-diario-armstrong","category-politica","category-region","tag-canada-de-gomez-17-denuncias-en-el-buzon-de-la-vida"],"jetpack_publicize_connections":[],"jetpack_featured_media_url":"https:\/\/armstrongyregion.com.ar\/diario\/wp-content\/uploads\/2018\/01\/leiva-hoy-.jpg","jetpack_shortlink":"https:\/\/wp.me\/p62QDO-48F","jetpack_sharing_enabled":true,"amp_enabled":true,"_links":{"self":[{"href":"https:\/\/armstrongyregion.com.ar\/diario\/wp-json\/wp\/v2\/posts\/15913","targetHints":{"allow":["GET"]}}],"collection":[{"href":"https:\/\/armstrongyregion.com.ar\/diario\/wp-json\/wp\/v2\/posts"}],"about":[{"href":"https:\/\/armstrongyregion.com.ar\/diario\/wp-json\/wp\/v2\/types\/post"}],"author":[{"embeddable":true,"href":"https:\/\/armstrongyregion.com.ar\/diario\/wp-json\/wp\/v2\/users\/1"}],"replies":[{"embeddable":true,"href":"https:\/\/armstrongyregion.com.ar\/diario\/wp-json\/wp\/v2\/comments?post=15913"}],"version-history":[{"count":0,"href":"https:\/\/armstrongyregion.com.ar\/diario\/wp-json\/wp\/v2\/posts\/15913\/revisions"}],"wp:featuredmedia":[{"embeddable":true,"href":"https:\/\/armstrongyregion.com.ar\/diario\/wp-json\/wp\/v2\/media\/15914"}],"wp:attachment":[{"href":"https:\/\/armstrongyregion.com.ar\/diario\/wp-json\/wp\/v2\/media?parent=15913"}],"wp:term":[{"taxonomy":"category","embeddable":true,"href":"https:\/\/armstrongyregion.com.ar\/diario\/wp-json\/wp\/v2\/categories?post=15913"},{"taxonomy":"post_tag","embeddable":true,"href":"https:\/\/armstrongyregion.com.ar\/diario\/wp-json\/wp\/v2\/tags?post=15913"}],"curies":[{"name":"wp","href":"https:\/\/api.w.org\/{rel}","templated":true}]}}