{"id":15865,"date":"2018-01-10T22:16:00","date_gmt":"2018-01-10T22:16:00","guid":{"rendered":"https:\/\/armstrongyregion.com.ar\/diario\/?p=15865"},"modified":"2018-01-10T22:16:00","modified_gmt":"2018-01-10T22:16:00","slug":"el-ateneo-cultural-edran-cortes-finalizo-el-mural-de-alas","status":"publish","type":"post","link":"https:\/\/armstrongyregion.com.ar\/diario\/el-ateneo-cultural-edran-cortes-finalizo-el-mural-de-alas\/","title":{"rendered":"El Ateneo Cultural \u00abEdr\u00e1n Cortes\u00bb finaliz\u00f3 el Mural de \u00abALAS\u00bb"},"content":{"rendered":"<p>El martes 9 a trav\u00e9s del programa \u00abEncontrARTE\u00bb impulsado por el Ateneo Cultural \u201cEdr\u00e1n Cortes\u201d se llev\u00f3 a cabo en las las instalaciones de ALAS (Calle 20 N\u00b01269) un mural inspirado por los integrantes de dicho espacio y coordinado por la Profesora de Bellas Artes Yamila Zeballos (Montes de Oca).<\/p>\n<p><a href=\"http:\/\/armstrongyregion.com.ar\/diario\/wp-content\/uploads\/2018\/01\/diario_armstrong_arte-2.jpg\"><img loading=\"lazy\" decoding=\"async\" class=\"alignnone size-large wp-image-15867\" src=\"http:\/\/armstrongyregion.com.ar\/diario\/wp-content\/uploads\/2018\/01\/diario_armstrong_arte-2-1024x768.jpg\" alt=\"diario_armstrong_arte (2)\" width=\"800\" height=\"600\" srcset=\"https:\/\/armstrongyregion.com.ar\/diario\/wp-content\/uploads\/2018\/01\/diario_armstrong_arte-2-1024x768.jpg 1024w, https:\/\/armstrongyregion.com.ar\/diario\/wp-content\/uploads\/2018\/01\/diario_armstrong_arte-2-300x225.jpg 300w, https:\/\/armstrongyregion.com.ar\/diario\/wp-content\/uploads\/2018\/01\/diario_armstrong_arte-2.jpg 2048w\" sizes=\"auto, (max-width: 800px) 100vw, 800px\" \/><\/a><\/p>\n<p>La propuesta de trabajo pretendi\u00f3 lograr una participaci\u00f3n directa, fomentando desde el Arte, la inclusi\u00f3n y la tarea en conjunto; manifest\u00f3 Abel Celayes integrante del Ateneo Edr\u00e1n Cort\u00e9s<\/p>\n<p>El aprendizaje es significativo, como proceso individual y colectivo, ya que en la actividad se adquieren t\u00e9cnicas y destrezas que enriquecen el modo de abordar la pintura y el arte, adem\u00e1s del sentido de pertenencia que adquiere cada miembro hacia la obra realizada.<\/p>\n<p>El Ateneo Cultural \u201cEdr\u00e1n Cort\u00e9s\u201d sigue con su objetivo de visibilizar el conjunto de todas las formas de vida y expresiones de la sociedad en que vivimos, permitiendo el intercambio de ideas, fomentando una conciencia cr\u00edtica que nos permita transformar la realidad desde la \u201cCultura\u201d.<\/p>\n","protected":false},"excerpt":{"rendered":"<p>El martes 9 a trav\u00e9s del programa \u00abEncontrARTE\u00bb impulsado por el Ateneo Cultural \u201cEdr\u00e1n Cortes\u201d se llev\u00f3 a cabo en las las instalaciones de ALAS (Calle 20 N\u00b01269) un mural inspirado por los integrantes de dicho espacio y coordinado por la Profesora de Bellas Artes Yamila Zeballos (Montes de Oca). La propuesta de trabajo pretendi\u00f3 <a href=\"https:\/\/armstrongyregion.com.ar\/diario\/el-ateneo-cultural-edran-cortes-finalizo-el-mural-de-alas\/\" title=\"Read more\" >&#8230;<\/a><\/p>\n","protected":false},"author":2,"featured_media":15867,"comment_status":"open","ping_status":"open","sticky":false,"template":"","format":"standard","meta":{"_jetpack_memberships_contains_paid_content":false,"footnotes":"","jetpack_publicize_message":"","jetpack_publicize_feature_enabled":true,"jetpack_social_post_already_shared":false,"jetpack_social_options":{"image_generator_settings":{"template":"highway","default_image_id":0,"enabled":false},"version":2}},"categories":[1,2],"tags":[],"class_list":["post-15865","post","type-post","status-publish","format-standard","has-post-thumbnail","hentry","category-diario-armstrong","category-locales"],"jetpack_publicize_connections":[],"jetpack_featured_media_url":"https:\/\/armstrongyregion.com.ar\/diario\/wp-content\/uploads\/2018\/01\/diario_armstrong_arte-2.jpg","jetpack_shortlink":"https:\/\/wp.me\/p62QDO-47T","jetpack_sharing_enabled":true,"amp_enabled":true,"_links":{"self":[{"href":"https:\/\/armstrongyregion.com.ar\/diario\/wp-json\/wp\/v2\/posts\/15865","targetHints":{"allow":["GET"]}}],"collection":[{"href":"https:\/\/armstrongyregion.com.ar\/diario\/wp-json\/wp\/v2\/posts"}],"about":[{"href":"https:\/\/armstrongyregion.com.ar\/diario\/wp-json\/wp\/v2\/types\/post"}],"author":[{"embeddable":true,"href":"https:\/\/armstrongyregion.com.ar\/diario\/wp-json\/wp\/v2\/users\/2"}],"replies":[{"embeddable":true,"href":"https:\/\/armstrongyregion.com.ar\/diario\/wp-json\/wp\/v2\/comments?post=15865"}],"version-history":[{"count":0,"href":"https:\/\/armstrongyregion.com.ar\/diario\/wp-json\/wp\/v2\/posts\/15865\/revisions"}],"wp:featuredmedia":[{"embeddable":true,"href":"https:\/\/armstrongyregion.com.ar\/diario\/wp-json\/wp\/v2\/media\/15867"}],"wp:attachment":[{"href":"https:\/\/armstrongyregion.com.ar\/diario\/wp-json\/wp\/v2\/media?parent=15865"}],"wp:term":[{"taxonomy":"category","embeddable":true,"href":"https:\/\/armstrongyregion.com.ar\/diario\/wp-json\/wp\/v2\/categories?post=15865"},{"taxonomy":"post_tag","embeddable":true,"href":"https:\/\/armstrongyregion.com.ar\/diario\/wp-json\/wp\/v2\/tags?post=15865"}],"curies":[{"name":"wp","href":"https:\/\/api.w.org\/{rel}","templated":true}]}}