{"id":15855,"date":"2018-01-09T21:52:37","date_gmt":"2018-01-09T21:52:37","guid":{"rendered":"https:\/\/armstrongyregion.com.ar\/diario\/?p=15855"},"modified":"2018-01-09T21:52:37","modified_gmt":"2018-01-09T21:52:37","slug":"la-cooperativa-regional-por-el-gas-se-reunio-en-santa-fe","status":"publish","type":"post","link":"https:\/\/armstrongyregion.com.ar\/diario\/la-cooperativa-regional-por-el-gas-se-reunio-en-santa-fe\/","title":{"rendered":"La cooperativa Regional por el gas se reuni\u00f3 en Santa Fe."},"content":{"rendered":"<p><a href=\"http:\/\/armstrongyregion.com.ar\/diario\/wp-content\/uploads\/2018\/01\/raseto-gas.jpg\"><img loading=\"lazy\" decoding=\"async\" src=\"http:\/\/armstrongyregion.com.ar\/diario\/wp-content\/uploads\/2018\/01\/raseto-gas.jpg\" alt=\"raseto-gas\" width=\"768\" height=\"432\" class=\"alignnone size-full wp-image-15856\" srcset=\"https:\/\/armstrongyregion.com.ar\/diario\/wp-content\/uploads\/2018\/01\/raseto-gas.jpg 768w, https:\/\/armstrongyregion.com.ar\/diario\/wp-content\/uploads\/2018\/01\/raseto-gas-300x169.jpg 300w\" sizes=\"auto, (max-width: 768px) 100vw, 768px\" \/><\/a>Integrantes de la Cooperativa de Integraci\u00f3n Regional para el Desarrollo del Centro Santafesino mantuvieron un encuentro con autoridades de la Secretar\u00eda de Energ\u00eda, con el objetivo de avanzar en las gestiones tendientes a concretar una de las obras m\u00e1s esperadas de la regi\u00f3n.<\/p>\n<p>La titular de dicha cartera, Ver\u00f3nica Gesse, adelant\u00f3 que el Gobierno de Santa Fe tiene previsto destinar 3.500 millones de pesos del total adeudado por la Naci\u00f3n a la ejecuci\u00f3n de seis gasoductos en el territorio provincial, incluido el de la Ruta Nacional N\u00b0 34, con un costo total estimado en 1.200 millones.<\/p>\n<p>En este sentido, se espera la presentaci\u00f3n de un plan de pago del gobierno nacional al reclamo de la deuda hist\u00f3rica, que tiene como fecha de vencimiento el 31 de marzo, por lo cual se program\u00f3 un nuevo encuentro en los primeros d\u00edas de abril.<\/p>\n<p>Junto a Ver\u00f3nica Gesse, estuvieron presentes el subsecretario de Gas y Energ\u00edas Convencionales, Jos\u00e9 Luis Parrino; el senador provincial Hugo Rasetto; la diputada Mar\u00eda Victoria Tejeda; y autoridades comunales y municipales de las 20 localidades que integran la Cooperativa, desde Lucio V. L\u00f3pez a San Mart\u00edn de Las Escobas sobre la Ruta 34, junto a Bustinza, D\u00edaz y Monje.<\/p>\n","protected":false},"excerpt":{"rendered":"<p>Integrantes de la Cooperativa de Integraci\u00f3n Regional para el Desarrollo del Centro Santafesino mantuvieron un encuentro con autoridades de la Secretar\u00eda de Energ\u00eda, con el objetivo de avanzar en las gestiones tendientes a concretar una de las obras m\u00e1s esperadas de la regi\u00f3n. La titular de dicha cartera, Ver\u00f3nica Gesse, adelant\u00f3 que el Gobierno de <a href=\"https:\/\/armstrongyregion.com.ar\/diario\/la-cooperativa-regional-por-el-gas-se-reunio-en-santa-fe\/\" title=\"Read more\" >&#8230;<\/a><\/p>\n","protected":false},"author":1,"featured_media":15856,"comment_status":"open","ping_status":"open","sticky":false,"template":"","format":"standard","meta":{"_jetpack_memberships_contains_paid_content":false,"footnotes":"","jetpack_publicize_message":"","jetpack_publicize_feature_enabled":true,"jetpack_social_post_already_shared":false,"jetpack_social_options":{"image_generator_settings":{"template":"highway","default_image_id":0,"enabled":false},"version":2}},"categories":[8,1,7,3],"tags":[6314],"class_list":["post-15855","post","type-post","status-publish","format-standard","has-post-thumbnail","hentry","category-deliberando","category-diario-armstrong","category-politica","category-region","tag-la-cooperativa-regional-por-el-gas-se-reunio-en-santa-fe"],"jetpack_publicize_connections":[],"jetpack_featured_media_url":"https:\/\/armstrongyregion.com.ar\/diario\/wp-content\/uploads\/2018\/01\/raseto-gas.jpg","jetpack_shortlink":"https:\/\/wp.me\/p62QDO-47J","jetpack_sharing_enabled":true,"amp_enabled":true,"_links":{"self":[{"href":"https:\/\/armstrongyregion.com.ar\/diario\/wp-json\/wp\/v2\/posts\/15855","targetHints":{"allow":["GET"]}}],"collection":[{"href":"https:\/\/armstrongyregion.com.ar\/diario\/wp-json\/wp\/v2\/posts"}],"about":[{"href":"https:\/\/armstrongyregion.com.ar\/diario\/wp-json\/wp\/v2\/types\/post"}],"author":[{"embeddable":true,"href":"https:\/\/armstrongyregion.com.ar\/diario\/wp-json\/wp\/v2\/users\/1"}],"replies":[{"embeddable":true,"href":"https:\/\/armstrongyregion.com.ar\/diario\/wp-json\/wp\/v2\/comments?post=15855"}],"version-history":[{"count":0,"href":"https:\/\/armstrongyregion.com.ar\/diario\/wp-json\/wp\/v2\/posts\/15855\/revisions"}],"wp:featuredmedia":[{"embeddable":true,"href":"https:\/\/armstrongyregion.com.ar\/diario\/wp-json\/wp\/v2\/media\/15856"}],"wp:attachment":[{"href":"https:\/\/armstrongyregion.com.ar\/diario\/wp-json\/wp\/v2\/media?parent=15855"}],"wp:term":[{"taxonomy":"category","embeddable":true,"href":"https:\/\/armstrongyregion.com.ar\/diario\/wp-json\/wp\/v2\/categories?post=15855"},{"taxonomy":"post_tag","embeddable":true,"href":"https:\/\/armstrongyregion.com.ar\/diario\/wp-json\/wp\/v2\/tags?post=15855"}],"curies":[{"name":"wp","href":"https:\/\/api.w.org\/{rel}","templated":true}]}}