{"id":15840,"date":"2018-01-08T14:54:23","date_gmt":"2018-01-08T14:54:23","guid":{"rendered":"https:\/\/armstrongyregion.com.ar\/diario\/?p=15840"},"modified":"2018-01-08T14:54:23","modified_gmt":"2018-01-08T14:54:23","slug":"colision-con-desenlace-fatal-en-autopista-rosario-cordoba","status":"publish","type":"post","link":"https:\/\/armstrongyregion.com.ar\/diario\/colision-con-desenlace-fatal-en-autopista-rosario-cordoba\/","title":{"rendered":"Colisi\u00f3n con desenlace fatal en Autopista Rosario-C\u00f3rdoba."},"content":{"rendered":"<p><a href=\"http:\/\/armstrongyregion.com.ar\/diario\/wp-content\/uploads\/2018\/01\/accidente-ca\u00f1ada-.jpg\"><img loading=\"lazy\" decoding=\"async\" src=\"http:\/\/armstrongyregion.com.ar\/diario\/wp-content\/uploads\/2018\/01\/accidente-ca\u00f1ada-.jpg\" alt=\"accidente-ca\u00f1ada-\" width=\"768\" height=\"404\" class=\"alignnone size-full wp-image-15841\" srcset=\"https:\/\/armstrongyregion.com.ar\/diario\/wp-content\/uploads\/2018\/01\/accidente-ca\u00f1ada-.jpg 768w, https:\/\/armstrongyregion.com.ar\/diario\/wp-content\/uploads\/2018\/01\/accidente-ca\u00f1ada--300x158.jpg 300w\" sizes=\"auto, (max-width: 768px) 100vw, 768px\" \/><\/a>Minutos antes de las 18 horas un veh\u00edculo marca Volkswagen , se incrust\u00f3 debajo de un cami\u00f3n a la altura del Km 365 mano a C\u00f3rdoba pasando el acceso a Ca\u00f1ada de G\u00f3mez.<br \/>\nProducto de la colisi\u00f3n se inici\u00f3 un incendio en el autom\u00f3vil propag\u00e1ndose el fuego hasta la parte posterior del acoplado cargado con cereal, y provocando la muerte de la conductora del Volkswagen Up.<br \/>\nSi bien no hay datos oficiales se pudo saber en el lugar de los hechos que el cami\u00f3n se hallaba sobre la banquina, ya que hab\u00eda sufrido un desperfecto previo muchas horas antes.<\/p>\n<p><a href=\"http:\/\/armstrongyregion.com.ar\/diario\/wp-content\/uploads\/2018\/01\/accidente-ca\u00f1ada-2-.jpg\"><img loading=\"lazy\" decoding=\"async\" src=\"http:\/\/armstrongyregion.com.ar\/diario\/wp-content\/uploads\/2018\/01\/accidente-ca\u00f1ada-2-.jpg\" alt=\"accidente-ca\u00f1ada-2-\" width=\"635\" height=\"300\" class=\"alignnone size-full wp-image-15842\" srcset=\"https:\/\/armstrongyregion.com.ar\/diario\/wp-content\/uploads\/2018\/01\/accidente-ca\u00f1ada-2-.jpg 635w, https:\/\/armstrongyregion.com.ar\/diario\/wp-content\/uploads\/2018\/01\/accidente-ca\u00f1ada-2--300x142.jpg 300w\" sizes=\"auto, (max-width: 635px) 100vw, 635px\" \/><\/a>Trabajaron todav\u00eda en el lugar, Bomberos de Ca\u00f1ada de G\u00f3mez, Protecci\u00f3n Civil, Policia, Cemi y Gendarmer\u00eda. La tarea m\u00e1s ardua fue retirar el cuerpo sin vida est\u00e1 aprisionado en el auto, el que presentaba grandes da\u00f1os materiales.<\/p>\n<p>El camionero es oriundo de la provincia de Entre R\u00edos, hab\u00eda cargado en el puerto de Rosario y se dirig\u00eda a la provincia de San Lu\u00eds.<\/p>\n<p>Fuente y foto portada: Diario Visi\u00f3n \/ Edici\u00f3n: Las Rosas Digital<\/p>\n","protected":false},"excerpt":{"rendered":"<p>Minutos antes de las 18 horas un veh\u00edculo marca Volkswagen , se incrust\u00f3 debajo de un cami\u00f3n a la altura del Km 365 mano a C\u00f3rdoba pasando el acceso a Ca\u00f1ada de G\u00f3mez. Producto de la colisi\u00f3n se inici\u00f3 un incendio en el autom\u00f3vil propag\u00e1ndose el fuego hasta la parte posterior del acoplado cargado con <a href=\"https:\/\/armstrongyregion.com.ar\/diario\/colision-con-desenlace-fatal-en-autopista-rosario-cordoba\/\" title=\"Read more\" >&#8230;<\/a><\/p>\n","protected":false},"author":1,"featured_media":15841,"comment_status":"open","ping_status":"open","sticky":false,"template":"","format":"standard","meta":{"_jetpack_memberships_contains_paid_content":false,"footnotes":"","jetpack_publicize_message":"","jetpack_publicize_feature_enabled":true,"jetpack_social_post_already_shared":false,"jetpack_social_options":{"image_generator_settings":{"template":"highway","default_image_id":0,"enabled":false},"version":2}},"categories":[1,2,3],"tags":[6312],"class_list":["post-15840","post","type-post","status-publish","format-standard","has-post-thumbnail","hentry","category-diario-armstrong","category-locales","category-region","tag-colision-con-desenlace-fatal-en-autopista-rosario-cordoba"],"jetpack_publicize_connections":[],"jetpack_featured_media_url":"https:\/\/armstrongyregion.com.ar\/diario\/wp-content\/uploads\/2018\/01\/accidente-ca\u00f1ada-.jpg","jetpack_shortlink":"https:\/\/wp.me\/p62QDO-47u","jetpack_sharing_enabled":true,"amp_enabled":true,"_links":{"self":[{"href":"https:\/\/armstrongyregion.com.ar\/diario\/wp-json\/wp\/v2\/posts\/15840","targetHints":{"allow":["GET"]}}],"collection":[{"href":"https:\/\/armstrongyregion.com.ar\/diario\/wp-json\/wp\/v2\/posts"}],"about":[{"href":"https:\/\/armstrongyregion.com.ar\/diario\/wp-json\/wp\/v2\/types\/post"}],"author":[{"embeddable":true,"href":"https:\/\/armstrongyregion.com.ar\/diario\/wp-json\/wp\/v2\/users\/1"}],"replies":[{"embeddable":true,"href":"https:\/\/armstrongyregion.com.ar\/diario\/wp-json\/wp\/v2\/comments?post=15840"}],"version-history":[{"count":0,"href":"https:\/\/armstrongyregion.com.ar\/diario\/wp-json\/wp\/v2\/posts\/15840\/revisions"}],"wp:featuredmedia":[{"embeddable":true,"href":"https:\/\/armstrongyregion.com.ar\/diario\/wp-json\/wp\/v2\/media\/15841"}],"wp:attachment":[{"href":"https:\/\/armstrongyregion.com.ar\/diario\/wp-json\/wp\/v2\/media?parent=15840"}],"wp:term":[{"taxonomy":"category","embeddable":true,"href":"https:\/\/armstrongyregion.com.ar\/diario\/wp-json\/wp\/v2\/categories?post=15840"},{"taxonomy":"post_tag","embeddable":true,"href":"https:\/\/armstrongyregion.com.ar\/diario\/wp-json\/wp\/v2\/tags?post=15840"}],"curies":[{"name":"wp","href":"https:\/\/api.w.org\/{rel}","templated":true}]}}