{"id":15809,"date":"2018-01-05T12:46:47","date_gmt":"2018-01-05T12:46:47","guid":{"rendered":"https:\/\/armstrongyregion.com.ar\/diario\/?p=15809"},"modified":"2018-01-05T12:46:47","modified_gmt":"2018-01-05T12:46:47","slug":"integrantes-de-la-serenata-solidaria-hicieron-entrega-de-alimentos-recaudados","status":"publish","type":"post","link":"https:\/\/armstrongyregion.com.ar\/diario\/integrantes-de-la-serenata-solidaria-hicieron-entrega-de-alimentos-recaudados\/","title":{"rendered":"Integrantes de la \u201cSerenata Solidaria\u201d hicieron entrega de alimentos recaudados."},"content":{"rendered":"<p><a href=\"http:\/\/armstrongyregion.com.ar\/diario\/wp-content\/uploads\/2018\/01\/Serenata-solidaria-1-.jpg\"><img loading=\"lazy\" decoding=\"async\" src=\"http:\/\/armstrongyregion.com.ar\/diario\/wp-content\/uploads\/2018\/01\/Serenata-solidaria-1-.jpg\" alt=\"Serenata-solidaria-1-\" width=\"768\" height=\"432\" class=\"alignnone size-full wp-image-15810\" srcset=\"https:\/\/armstrongyregion.com.ar\/diario\/wp-content\/uploads\/2018\/01\/Serenata-solidaria-1-.jpg 768w, https:\/\/armstrongyregion.com.ar\/diario\/wp-content\/uploads\/2018\/01\/Serenata-solidaria-1--300x169.jpg 300w\" sizes=\"auto, (max-width: 768px) 100vw, 768px\" \/><\/a>Francisco Luzzi, referente y coordinador del grupo que realiz\u00f3 la \u201cSerenata Solidaria\u201d con el fin de Ayudar a Ayudar, recolectando alimentos, los d\u00edas 24 y 31 de diciembre pasada la medianoche en todos los barrios de nuestra ciudad, en dialogo con nuestro medio expres\u00f3: \u201cEn la ma\u00f1ana de hoy se hizo la entrega de los alimentos recolectados durante la \u201cSerenata Solidaria\u201d, los mismos fueron entregados a los comedores de la Escuela 600 y Guarder\u00eda Municipal Minimundo, como as\u00ed tambi\u00e9n a los Hogares de Ancianos budines y pan dulce para el mate\u201d.<br \/>\n<a href=\"http:\/\/armstrongyregion.com.ar\/diario\/wp-content\/uploads\/2018\/01\/Serenata-Solidaria-2-.jpg\"><img loading=\"lazy\" decoding=\"async\" src=\"http:\/\/armstrongyregion.com.ar\/diario\/wp-content\/uploads\/2018\/01\/Serenata-Solidaria-2-.jpg\" alt=\"Serenata-Solidaria-2-\" width=\"755\" height=\"600\" class=\"alignnone size-full wp-image-15811\" srcset=\"https:\/\/armstrongyregion.com.ar\/diario\/wp-content\/uploads\/2018\/01\/Serenata-Solidaria-2-.jpg 755w, https:\/\/armstrongyregion.com.ar\/diario\/wp-content\/uploads\/2018\/01\/Serenata-Solidaria-2--300x238.jpg 300w\" sizes=\"auto, (max-width: 755px) 100vw, 755px\" \/><\/a>Luzzi aprovecho la oportunidad para agradecer en nombre de todo el grupo solidario a la comunidad dejando el mensaje de que entre todos empecemos el a\u00f1o con alegr\u00eda. Y dejo explicita la motivaci\u00f3n y ganas de continuar con la labor de Serenata Solidaria para las fiestas.<\/p>\n","protected":false},"excerpt":{"rendered":"<p>Francisco Luzzi, referente y coordinador del grupo que realiz\u00f3 la \u201cSerenata Solidaria\u201d con el fin de Ayudar a Ayudar, recolectando alimentos, los d\u00edas 24 y 31 de diciembre pasada la medianoche en todos los barrios de nuestra ciudad, en dialogo con nuestro medio expres\u00f3: \u201cEn la ma\u00f1ana de hoy se hizo la entrega de los <a href=\"https:\/\/armstrongyregion.com.ar\/diario\/integrantes-de-la-serenata-solidaria-hicieron-entrega-de-alimentos-recaudados\/\" title=\"Read more\" >&#8230;<\/a><\/p>\n","protected":false},"author":1,"featured_media":15810,"comment_status":"open","ping_status":"open","sticky":false,"template":"","format":"standard","meta":{"_jetpack_memberships_contains_paid_content":false,"footnotes":"","jetpack_publicize_message":"","jetpack_publicize_feature_enabled":true,"jetpack_social_post_already_shared":false,"jetpack_social_options":{"image_generator_settings":{"template":"highway","default_image_id":0,"enabled":false},"version":2}},"categories":[8,1,2,3],"tags":[1279,20,19,323,3729,291,388,6285,1634,13],"class_list":["post-15809","post","type-post","status-publish","format-standard","has-post-thumbnail","hentry","category-deliberando","category-diario-armstrong","category-locales","category-region","tag-alimentos","tag-armstrong","tag-de","tag-entrega","tag-hicieron","tag-integrantes","tag-region-2","tag-serenata","tag-solidaria","tag-y"],"jetpack_publicize_connections":[],"jetpack_featured_media_url":"https:\/\/armstrongyregion.com.ar\/diario\/wp-content\/uploads\/2018\/01\/Serenata-solidaria-1-.jpg","jetpack_shortlink":"https:\/\/wp.me\/p62QDO-46Z","jetpack_sharing_enabled":true,"amp_enabled":true,"_links":{"self":[{"href":"https:\/\/armstrongyregion.com.ar\/diario\/wp-json\/wp\/v2\/posts\/15809","targetHints":{"allow":["GET"]}}],"collection":[{"href":"https:\/\/armstrongyregion.com.ar\/diario\/wp-json\/wp\/v2\/posts"}],"about":[{"href":"https:\/\/armstrongyregion.com.ar\/diario\/wp-json\/wp\/v2\/types\/post"}],"author":[{"embeddable":true,"href":"https:\/\/armstrongyregion.com.ar\/diario\/wp-json\/wp\/v2\/users\/1"}],"replies":[{"embeddable":true,"href":"https:\/\/armstrongyregion.com.ar\/diario\/wp-json\/wp\/v2\/comments?post=15809"}],"version-history":[{"count":0,"href":"https:\/\/armstrongyregion.com.ar\/diario\/wp-json\/wp\/v2\/posts\/15809\/revisions"}],"wp:featuredmedia":[{"embeddable":true,"href":"https:\/\/armstrongyregion.com.ar\/diario\/wp-json\/wp\/v2\/media\/15810"}],"wp:attachment":[{"href":"https:\/\/armstrongyregion.com.ar\/diario\/wp-json\/wp\/v2\/media?parent=15809"}],"wp:term":[{"taxonomy":"category","embeddable":true,"href":"https:\/\/armstrongyregion.com.ar\/diario\/wp-json\/wp\/v2\/categories?post=15809"},{"taxonomy":"post_tag","embeddable":true,"href":"https:\/\/armstrongyregion.com.ar\/diario\/wp-json\/wp\/v2\/tags?post=15809"}],"curies":[{"name":"wp","href":"https:\/\/api.w.org\/{rel}","templated":true}]}}