{"id":15788,"date":"2018-01-03T15:33:36","date_gmt":"2018-01-03T15:33:36","guid":{"rendered":"https:\/\/armstrongyregion.com.ar\/diario\/?p=15788"},"modified":"2018-01-03T15:33:36","modified_gmt":"2018-01-03T15:33:36","slug":"denuncian-23-despidos-en-senasa-de-santa-fe","status":"publish","type":"post","link":"https:\/\/armstrongyregion.com.ar\/diario\/denuncian-23-despidos-en-senasa-de-santa-fe\/","title":{"rendered":"Denuncian 23 despidos en Senasa de Santa Fe."},"content":{"rendered":"<p><a href=\"http:\/\/armstrongyregion.com.ar\/diario\/wp-content\/uploads\/2018\/01\/senasaasamblea.jpg_1305449671.jpg\"><img loading=\"lazy\" decoding=\"async\" src=\"http:\/\/armstrongyregion.com.ar\/diario\/wp-content\/uploads\/2018\/01\/senasaasamblea.jpg_1305449671.jpg\" alt=\"senasaasamblea.jpg_1305449671\" width=\"847\" height=\"476\" class=\"alignnone size-full wp-image-15789\" srcset=\"https:\/\/armstrongyregion.com.ar\/diario\/wp-content\/uploads\/2018\/01\/senasaasamblea.jpg_1305449671.jpg 847w, https:\/\/armstrongyregion.com.ar\/diario\/wp-content\/uploads\/2018\/01\/senasaasamblea.jpg_1305449671-300x169.jpg 300w\" sizes=\"auto, (max-width: 847px) 100vw, 847px\" \/><\/a>A nivel nacional son 197 los afectados. Desde ATE Rosario anunciaron una nueva asamblea en la sede local para exigir su reincorporaci\u00f3n. El jueves se suman al paro nacional.<br \/>\nUnos 23 trabajadores del Servicio Nacional de Sanidad y Calidad Agroalimentaria (Senasa) fueron despedidos en Santa Fe, sobre un total de 197 afectados a nivel nacional. En este marco, el sector anunci\u00f3 que se suma este jueves al paro nacional lanzado por ATE en rechazo a los despidos llevados a cabo desde el Estado nacional.<\/p>\n<p>En di\u00e1logo con Radi\u00f3polis (Radio 2), V\u00edctor de Girolamo de ATE Rosario, confirm\u00f3 que en la provincia fueron despedidos 23 trabajadores con un promedio de 15 a\u00f1os de servicio. \u201cDel total, 13 dependen de la oficina central de Rosario y que se desempe\u00f1an en los distintos frigor\u00edficos\u201d, precis\u00f3.<\/p>\n<p>El dirigente se\u00f1al\u00f3 que las autoridades del organismo adujeron que esos empleados en su mayor\u00eda gozan de una carpeta m\u00e9dica desde hace a\u00f1os. En ese sentido, observ\u00f3: \u201c\u00bfC\u00f3mo se puede despedir a una persona que hace 15 a\u00f1os que trabaja y se ha contagiado bruselosis o tuberculosis en los frigor\u00edficos? \u00bfQui\u00e9n le va a dar trabajo?\u201d<\/p>\n<p>Girolamo inform\u00f3 que desde las 11 ten\u00eda lugar una nueva asamblea en la puerta de la sede local de Senasa, ubicada en Mitre y San Lorenzo, tal como sucedi\u00f3 ayer. En este marco, se suman al paro nacional organizado para este jueves por despidos en el Estado.<\/p>\n<p>El secretario general del gremio, Hugo Godoy, ratific\u00f3 la medida y convoc\u00f3 a una movilizaci\u00f3n hacia el Ministerio de Modernizaci\u00f3n en Buenos Aires. Estiman que son 1.200 los trabajadores que fueron despedidos en el \u00e1mbito estatal.<br \/>\nRosario3.com<\/p>\n","protected":false},"excerpt":{"rendered":"<p>A nivel nacional son 197 los afectados. Desde ATE Rosario anunciaron una nueva asamblea en la sede local para exigir su reincorporaci\u00f3n. El jueves se suman al paro nacional. Unos 23 trabajadores del Servicio Nacional de Sanidad y Calidad Agroalimentaria (Senasa) fueron despedidos en Santa Fe, sobre un total de 197 afectados a nivel nacional. <a href=\"https:\/\/armstrongyregion.com.ar\/diario\/denuncian-23-despidos-en-senasa-de-santa-fe\/\" title=\"Read more\" >&#8230;<\/a><\/p>\n","protected":false},"author":1,"featured_media":15789,"comment_status":"open","ping_status":"open","sticky":false,"template":"","format":"standard","meta":{"_jetpack_memberships_contains_paid_content":false,"footnotes":"","jetpack_publicize_message":"","jetpack_publicize_feature_enabled":true,"jetpack_social_post_already_shared":false,"jetpack_social_options":{"image_generator_settings":{"template":"highway","default_image_id":0,"enabled":false},"version":2}},"categories":[8,1,2,3],"tags":[6296],"class_list":["post-15788","post","type-post","status-publish","format-standard","has-post-thumbnail","hentry","category-deliberando","category-diario-armstrong","category-locales","category-region","tag-denuncian-23-despidos-en-senasa-de-santa-fe"],"jetpack_publicize_connections":[],"jetpack_featured_media_url":"https:\/\/armstrongyregion.com.ar\/diario\/wp-content\/uploads\/2018\/01\/senasaasamblea.jpg_1305449671.jpg","jetpack_shortlink":"https:\/\/wp.me\/p62QDO-46E","jetpack_sharing_enabled":true,"amp_enabled":true,"_links":{"self":[{"href":"https:\/\/armstrongyregion.com.ar\/diario\/wp-json\/wp\/v2\/posts\/15788","targetHints":{"allow":["GET"]}}],"collection":[{"href":"https:\/\/armstrongyregion.com.ar\/diario\/wp-json\/wp\/v2\/posts"}],"about":[{"href":"https:\/\/armstrongyregion.com.ar\/diario\/wp-json\/wp\/v2\/types\/post"}],"author":[{"embeddable":true,"href":"https:\/\/armstrongyregion.com.ar\/diario\/wp-json\/wp\/v2\/users\/1"}],"replies":[{"embeddable":true,"href":"https:\/\/armstrongyregion.com.ar\/diario\/wp-json\/wp\/v2\/comments?post=15788"}],"version-history":[{"count":0,"href":"https:\/\/armstrongyregion.com.ar\/diario\/wp-json\/wp\/v2\/posts\/15788\/revisions"}],"wp:featuredmedia":[{"embeddable":true,"href":"https:\/\/armstrongyregion.com.ar\/diario\/wp-json\/wp\/v2\/media\/15789"}],"wp:attachment":[{"href":"https:\/\/armstrongyregion.com.ar\/diario\/wp-json\/wp\/v2\/media?parent=15788"}],"wp:term":[{"taxonomy":"category","embeddable":true,"href":"https:\/\/armstrongyregion.com.ar\/diario\/wp-json\/wp\/v2\/categories?post=15788"},{"taxonomy":"post_tag","embeddable":true,"href":"https:\/\/armstrongyregion.com.ar\/diario\/wp-json\/wp\/v2\/tags?post=15788"}],"curies":[{"name":"wp","href":"https:\/\/api.w.org\/{rel}","templated":true}]}}