{"id":15760,"date":"2017-12-30T14:28:24","date_gmt":"2017-12-30T14:28:24","guid":{"rendered":"https:\/\/armstrongyregion.com.ar\/diario\/?p=15760"},"modified":"2017-12-30T14:28:24","modified_gmt":"2017-12-30T14:28:24","slug":"el-intendente-meyer-firmo-un-acuerdo-con-rodriguez-larreta","status":"publish","type":"post","link":"https:\/\/armstrongyregion.com.ar\/diario\/el-intendente-meyer-firmo-un-acuerdo-con-rodriguez-larreta\/","title":{"rendered":"El Intendente Meyer firm\u00f3 un acuerdo con Rodr\u00edguez Larreta."},"content":{"rendered":"<p><a href=\"http:\/\/armstrongyregion.com.ar\/diario\/wp-content\/uploads\/2017\/12\/Meyer-Larreta-.jpg\"><img loading=\"lazy\" decoding=\"async\" src=\"http:\/\/armstrongyregion.com.ar\/diario\/wp-content\/uploads\/2017\/12\/Meyer-Larreta-.jpg\" alt=\"Meyer-Larreta-\" width=\"900\" height=\"506\" class=\"alignnone size-full wp-image-15761\" srcset=\"https:\/\/armstrongyregion.com.ar\/diario\/wp-content\/uploads\/2017\/12\/Meyer-Larreta-.jpg 900w, https:\/\/armstrongyregion.com.ar\/diario\/wp-content\/uploads\/2017\/12\/Meyer-Larreta--300x169.jpg 300w\" sizes=\"auto, (max-width: 900px) 100vw, 900px\" \/><\/a>Se rubric\u00f3 un entendimiento de colaboraci\u00f3n entre las dos ciudades.<br \/>\nEn el d\u00eda 27 de diciembre, el Intendente de Las Rosas Javier Meyer, visit\u00f3 al Jefe de Gobierno de la Ciudad Aut\u00f3noma a Buenos Aires, Horacio Rodr\u00edguez Larreta, d\u00f3nde firmaron un acuerdo de colaboraci\u00f3n entre las dos ciudades.<br \/>\nLas Rosas Digital<\/p>\n","protected":false},"excerpt":{"rendered":"<p>Se rubric\u00f3 un entendimiento de colaboraci\u00f3n entre las dos ciudades. En el d\u00eda 27 de diciembre, el Intendente de Las Rosas Javier Meyer, visit\u00f3 al Jefe de Gobierno de la Ciudad Aut\u00f3noma a Buenos Aires, Horacio Rodr\u00edguez Larreta, d\u00f3nde firmaron un acuerdo de colaboraci\u00f3n entre las dos ciudades. Las Rosas Digital<\/p>\n","protected":false},"author":1,"featured_media":15761,"comment_status":"open","ping_status":"open","sticky":false,"template":"","format":"standard","meta":{"_jetpack_memberships_contains_paid_content":false,"footnotes":"","jetpack_publicize_message":"","jetpack_publicize_feature_enabled":true,"jetpack_social_post_already_shared":false,"jetpack_social_options":{"image_generator_settings":{"template":"highway","default_image_id":0,"enabled":false},"version":2}},"categories":[8,1,2,3],"tags":[2561,100,16,2376,802,6283,1934,2950,192],"class_list":["post-15760","post","type-post","status-publish","format-standard","has-post-thumbnail","hentry","category-deliberando","category-diario-armstrong","category-locales","category-region","tag-acuerdo","tag-con","tag-el","tag-firmo","tag-intendente","tag-larreta","tag-meyer","tag-rodriguez","tag-un"],"jetpack_publicize_connections":[],"jetpack_featured_media_url":"https:\/\/armstrongyregion.com.ar\/diario\/wp-content\/uploads\/2017\/12\/Meyer-Larreta-.jpg","jetpack_shortlink":"https:\/\/wp.me\/p62QDO-46c","jetpack_sharing_enabled":true,"amp_enabled":true,"_links":{"self":[{"href":"https:\/\/armstrongyregion.com.ar\/diario\/wp-json\/wp\/v2\/posts\/15760","targetHints":{"allow":["GET"]}}],"collection":[{"href":"https:\/\/armstrongyregion.com.ar\/diario\/wp-json\/wp\/v2\/posts"}],"about":[{"href":"https:\/\/armstrongyregion.com.ar\/diario\/wp-json\/wp\/v2\/types\/post"}],"author":[{"embeddable":true,"href":"https:\/\/armstrongyregion.com.ar\/diario\/wp-json\/wp\/v2\/users\/1"}],"replies":[{"embeddable":true,"href":"https:\/\/armstrongyregion.com.ar\/diario\/wp-json\/wp\/v2\/comments?post=15760"}],"version-history":[{"count":0,"href":"https:\/\/armstrongyregion.com.ar\/diario\/wp-json\/wp\/v2\/posts\/15760\/revisions"}],"wp:featuredmedia":[{"embeddable":true,"href":"https:\/\/armstrongyregion.com.ar\/diario\/wp-json\/wp\/v2\/media\/15761"}],"wp:attachment":[{"href":"https:\/\/armstrongyregion.com.ar\/diario\/wp-json\/wp\/v2\/media?parent=15760"}],"wp:term":[{"taxonomy":"category","embeddable":true,"href":"https:\/\/armstrongyregion.com.ar\/diario\/wp-json\/wp\/v2\/categories?post=15760"},{"taxonomy":"post_tag","embeddable":true,"href":"https:\/\/armstrongyregion.com.ar\/diario\/wp-json\/wp\/v2\/tags?post=15760"}],"curies":[{"name":"wp","href":"https:\/\/api.w.org\/{rel}","templated":true}]}}