{"id":15748,"date":"2017-12-29T02:21:06","date_gmt":"2017-12-29T02:21:06","guid":{"rendered":"https:\/\/armstrongyregion.com.ar\/diario\/?p=15748"},"modified":"2017-12-29T02:29:58","modified_gmt":"2017-12-29T02:29:58","slug":"el-intendente-verdecchia-hizo-un-balance-positivo-del-2017","status":"publish","type":"post","link":"https:\/\/armstrongyregion.com.ar\/diario\/el-intendente-verdecchia-hizo-un-balance-positivo-del-2017\/","title":{"rendered":"El intendente Verdecchia hizo un balance positivo del 2017."},"content":{"rendered":"<p><a href=\"http:\/\/armstrongyregion.com.ar\/diario\/wp-content\/uploads\/2017\/12\/Verdecchia-balance-.jpg\"><img loading=\"lazy\" decoding=\"async\" src=\"http:\/\/armstrongyregion.com.ar\/diario\/wp-content\/uploads\/2017\/12\/Verdecchia-balance-.jpg\" alt=\"Verdecchia-balance-\" width=\"877\" height=\"540\" class=\"alignnone size-full wp-image-15749\" srcset=\"https:\/\/armstrongyregion.com.ar\/diario\/wp-content\/uploads\/2017\/12\/Verdecchia-balance-.jpg 877w, https:\/\/armstrongyregion.com.ar\/diario\/wp-content\/uploads\/2017\/12\/Verdecchia-balance--300x185.jpg 300w\" sizes=\"auto, (max-width: 877px) 100vw, 877px\" \/><\/a>En la ma\u00f1ana del jueves 28 de diciembre, Intendente Dr. Pablo Verdecchia realiz\u00f3 un balance al que evalu\u00f3 como positivo, destac\u00f3 la tarea realizada por el municipio en el a\u00f1o que pas\u00f3 y adem\u00e1s se refiri\u00f3 al gran aporte que realiz\u00f3 el sector privado.<br \/>\nSostuvo que por ser un periodo electoral el cual se hace un a\u00f1o m\u00e1s extenso, el resultado termin\u00f3 dejando un saldo muy positivo.<br \/>\n\u201cSe ha trabajado muy fuerte en el tema de obra p\u00fablica, la relaci\u00f3n entre provincia y municipio ha avanzado en este tema y eso se fue notando durante el a\u00f1o, se utiliz\u00f3 el Fondo de Obras Menores 2016, se han hecho 18 cuadras de cord\u00f3n cuneta, 5 cuadras de pavimento, el acceso del \u00e1rea industrial, repavimentaci\u00f3n de la Ruta 15, se terminaron las 36 viviendas, se ha avanzado mucho con cloacas, si bien el primer semestre tuvimos las napas muy altas, el segundo se trabaj\u00f3 intensamente con dicha labor y continuamos. Si bien hay barrios que est\u00e1n relegados pr\u00f3ximamente estaremos trabajando en los mismos\u201d. Expres\u00f3 la autoridad m\u00e1xima de Armstrong.<br \/>\n \u201cViene una linda etapa en lo productivo, volver a tener la Agroactiva ha sido muy positivo para toda la regi\u00f3n. Se vienen muchas obras de pavimento, tambi\u00e9n trabajaremos con el plan Equipar, para aumentar la calidad de vida que merecen nuestros habitantes\u201d. Dijo Verdecchia.<br \/>\nTambi\u00e9n agreg\u00f3: \u201cCon el correr del tiempo se siguieron realizando obras de desag\u00fces pluviales y se pudo ver en los \u00faltimos episodios de lluvias que esos problemas est\u00e1n solucion\u00e1ndose\u201d.<br \/>\nEn cuanto al edificio de la escuela t\u00e9cnica, el intendente informo que la construcci\u00f3n del mismo tiene un periodo estipulado que son trece meses y las aulas se trasladar\u00e1n mientras tanto a los galpones MAS donde hay que construir ba\u00f1os y otras refacciones. Los chicos no pueden perder calidad educativa.<br \/>\nAprovecho la oportunidad para saludar a todos los ciudadanos, deseando que recibamos el 2018 en paz, con alegr\u00eda, en familia, con amigos, y a la hora de levantar la copa pensemos en el otro, en el que tiene necesidades expresando que este 2018 sea un a\u00f1o lleno de bendiciones para todos y cada uno de los armstroneneses.<\/p>\n","protected":false},"excerpt":{"rendered":"<p>En la ma\u00f1ana del jueves 28 de diciembre, Intendente Dr. Pablo Verdecchia realiz\u00f3 un balance al que evalu\u00f3 como positivo, destac\u00f3 la tarea realizada por el municipio en el a\u00f1o que pas\u00f3 y adem\u00e1s se refiri\u00f3 al gran aporte que realiz\u00f3 el sector privado. Sostuvo que por ser un periodo electoral el cual se hace <a href=\"https:\/\/armstrongyregion.com.ar\/diario\/el-intendente-verdecchia-hizo-un-balance-positivo-del-2017\/\" title=\"Read more\" >&#8230;<\/a><\/p>\n","protected":false},"author":1,"featured_media":14072,"comment_status":"open","ping_status":"open","sticky":false,"template":"","format":"standard","meta":{"_jetpack_memberships_contains_paid_content":false,"footnotes":"","jetpack_publicize_message":"","jetpack_publicize_feature_enabled":true,"jetpack_social_post_already_shared":false,"jetpack_social_options":{"image_generator_settings":{"template":"highway","default_image_id":0,"enabled":false},"version":2}},"categories":[8,1,2,7,3],"tags":[6279,237,53,16,1197,802,241,192,205],"class_list":["post-15748","post","type-post","status-publish","format-standard","has-post-thumbnail","hentry","category-deliberando","category-diario-armstrong","category-locales","category-politica","category-region","tag-6279","tag-balance","tag-del","tag-el","tag-hizo","tag-intendente","tag-positivo","tag-un","tag-verdecchia"],"jetpack_publicize_connections":[],"jetpack_featured_media_url":"https:\/\/armstrongyregion.com.ar\/diario\/wp-content\/uploads\/2017\/08\/Dr.-Pablo-Verdecchia-.jpg","jetpack_shortlink":"https:\/\/wp.me\/p62QDO-460","jetpack_sharing_enabled":true,"amp_enabled":true,"_links":{"self":[{"href":"https:\/\/armstrongyregion.com.ar\/diario\/wp-json\/wp\/v2\/posts\/15748","targetHints":{"allow":["GET"]}}],"collection":[{"href":"https:\/\/armstrongyregion.com.ar\/diario\/wp-json\/wp\/v2\/posts"}],"about":[{"href":"https:\/\/armstrongyregion.com.ar\/diario\/wp-json\/wp\/v2\/types\/post"}],"author":[{"embeddable":true,"href":"https:\/\/armstrongyregion.com.ar\/diario\/wp-json\/wp\/v2\/users\/1"}],"replies":[{"embeddable":true,"href":"https:\/\/armstrongyregion.com.ar\/diario\/wp-json\/wp\/v2\/comments?post=15748"}],"version-history":[{"count":0,"href":"https:\/\/armstrongyregion.com.ar\/diario\/wp-json\/wp\/v2\/posts\/15748\/revisions"}],"wp:featuredmedia":[{"embeddable":true,"href":"https:\/\/armstrongyregion.com.ar\/diario\/wp-json\/wp\/v2\/media\/14072"}],"wp:attachment":[{"href":"https:\/\/armstrongyregion.com.ar\/diario\/wp-json\/wp\/v2\/media?parent=15748"}],"wp:term":[{"taxonomy":"category","embeddable":true,"href":"https:\/\/armstrongyregion.com.ar\/diario\/wp-json\/wp\/v2\/categories?post=15748"},{"taxonomy":"post_tag","embeddable":true,"href":"https:\/\/armstrongyregion.com.ar\/diario\/wp-json\/wp\/v2\/tags?post=15748"}],"curies":[{"name":"wp","href":"https:\/\/api.w.org\/{rel}","templated":true}]}}