{"id":15742,"date":"2017-12-28T11:16:56","date_gmt":"2017-12-28T11:16:56","guid":{"rendered":"https:\/\/armstrongyregion.com.ar\/diario\/?p=15742"},"modified":"2017-12-28T11:16:56","modified_gmt":"2017-12-28T11:16:56","slug":"protesta-de-trabajadores-de-tda-por-anuncio-de-despidos","status":"publish","type":"post","link":"https:\/\/armstrongyregion.com.ar\/diario\/protesta-de-trabajadores-de-tda-por-anuncio-de-despidos\/","title":{"rendered":"Protesta de trabajadores de TDA por anuncio de despidos."},"content":{"rendered":"<p><a href=\"http:\/\/armstrongyregion.com.ar\/diario\/wp-content\/uploads\/2017\/12\/protesta_tda.jpg_1305449671.jpg\"><img loading=\"lazy\" decoding=\"async\" src=\"http:\/\/armstrongyregion.com.ar\/diario\/wp-content\/uploads\/2017\/12\/protesta_tda.jpg_1305449671.jpg\" alt=\"protesta_tda.jpg_1305449671\" width=\"847\" height=\"476\" class=\"alignnone size-full wp-image-15743\" srcset=\"https:\/\/armstrongyregion.com.ar\/diario\/wp-content\/uploads\/2017\/12\/protesta_tda.jpg_1305449671.jpg 847w, https:\/\/armstrongyregion.com.ar\/diario\/wp-content\/uploads\/2017\/12\/protesta_tda.jpg_1305449671-300x169.jpg 300w\" sizes=\"auto, (max-width: 847px) 100vw, 847px\" \/><\/a>Unos 180 trabajadores de distintas se\u00f1ales de la Televisi\u00f3n Digital Abierta fueron notificados de que el \u00faltimo d\u00eda de este a\u00f1o vencer\u00e1 su contrato y no se les renovar\u00e1. Conocida la decisi\u00f3n del gobierno nacional, se realiz\u00f3 una toma del hall del Centro Cultural Kirchner.<br \/>\nUnos 180 trabajadores de distintas se\u00f1ales de la Televisi\u00f3n Digital Abierta (TDA) fueron notificados de que el \u00faltimo d\u00eda de este a\u00f1o vencer\u00e1 su contrato y no se les renovar\u00e1. En total conforman un 60% de los empleados.<br \/>\nSeg\u00fan denunciaron los trabajadores, TDA no har\u00e1 m\u00e1s contenidos propios y puede llegar a cerrar.<\/p>\n<p>Conocida la decisi\u00f3n del gobierno nacional, los trabajadores afectados tomaron el hall del Centro Cultural Kirchner (CCK) y aseguraron que permanecer\u00e1n ah\u00ed hasta tanto se revea la decisi\u00f3n.<\/p>\n<p>El titular del Sistema Federal de Medios y Contenidos P\u00fablicos, Hern\u00e1n Lombardi, confirm\u00f3 la decisi\u00f3n mediante un comunicado oficial en el que confirma que \u00abse ha decidido desarticular la unidad de generaci\u00f3n de contenidos\u00bb.<\/p>\n<p>En ese marco, Patricio Delgado, delegado de Televisi\u00f3n Digital Abierta (TDA), explic\u00f3 que decidieron tomar pac\u00edficamente el hall de ingreso del CCK luego de que se cortara \u201ctoda v\u00eda de negociaci\u00f3n\u201d.<\/p>\n<p>El Sistema Federal de Medios y Contenidos P\u00fablicos desminti\u00f3 el cierre de la Televisi\u00f3n Digital Abierta (TDA) y aclar\u00f3 que s\u00f3lo se decidi\u00f3 \u00abdesarticular\u00bb una unidad de generaci\u00f3n de contenidos denominada Ciara:<\/p>\n<p>Hern\u00e1n Lombardi<br \/>\n@herlombardi<br \/>\nLa desarticulaci\u00f3n de la unidad CIARA de ninguna manera pone en riesgo el sistema de Televisi\u00f3n Digital Abierta (TDA), cuyo pleno funcionamiento est\u00e1 garantizado<br \/>\nFuente: Rosario3.com<\/p>\n","protected":false},"excerpt":{"rendered":"<p>Unos 180 trabajadores de distintas se\u00f1ales de la Televisi\u00f3n Digital Abierta fueron notificados de que el \u00faltimo d\u00eda de este a\u00f1o vencer\u00e1 su contrato y no se les renovar\u00e1. Conocida la decisi\u00f3n del gobierno nacional, se realiz\u00f3 una toma del hall del Centro Cultural Kirchner. Unos 180 trabajadores de distintas se\u00f1ales de la Televisi\u00f3n Digital <a href=\"https:\/\/armstrongyregion.com.ar\/diario\/protesta-de-trabajadores-de-tda-por-anuncio-de-despidos\/\" title=\"Read more\" >&#8230;<\/a><\/p>\n","protected":false},"author":1,"featured_media":15743,"comment_status":"open","ping_status":"open","sticky":false,"template":"","format":"standard","meta":{"_jetpack_memberships_contains_paid_content":false,"footnotes":"","jetpack_publicize_message":"","jetpack_publicize_feature_enabled":true,"jetpack_social_post_already_shared":false,"jetpack_social_options":{"image_generator_settings":{"template":"highway","default_image_id":0,"enabled":false},"version":2}},"categories":[8,1,2,7,3],"tags":[6277],"class_list":["post-15742","post","type-post","status-publish","format-standard","has-post-thumbnail","hentry","category-deliberando","category-diario-armstrong","category-locales","category-politica","category-region","tag-protesta-de-trabajadores-de-tda-por-anuncio-de-despidos"],"jetpack_publicize_connections":[],"jetpack_featured_media_url":"https:\/\/armstrongyregion.com.ar\/diario\/wp-content\/uploads\/2017\/12\/protesta_tda.jpg_1305449671.jpg","jetpack_shortlink":"https:\/\/wp.me\/p62QDO-45U","jetpack_sharing_enabled":true,"amp_enabled":true,"_links":{"self":[{"href":"https:\/\/armstrongyregion.com.ar\/diario\/wp-json\/wp\/v2\/posts\/15742","targetHints":{"allow":["GET"]}}],"collection":[{"href":"https:\/\/armstrongyregion.com.ar\/diario\/wp-json\/wp\/v2\/posts"}],"about":[{"href":"https:\/\/armstrongyregion.com.ar\/diario\/wp-json\/wp\/v2\/types\/post"}],"author":[{"embeddable":true,"href":"https:\/\/armstrongyregion.com.ar\/diario\/wp-json\/wp\/v2\/users\/1"}],"replies":[{"embeddable":true,"href":"https:\/\/armstrongyregion.com.ar\/diario\/wp-json\/wp\/v2\/comments?post=15742"}],"version-history":[{"count":0,"href":"https:\/\/armstrongyregion.com.ar\/diario\/wp-json\/wp\/v2\/posts\/15742\/revisions"}],"wp:featuredmedia":[{"embeddable":true,"href":"https:\/\/armstrongyregion.com.ar\/diario\/wp-json\/wp\/v2\/media\/15743"}],"wp:attachment":[{"href":"https:\/\/armstrongyregion.com.ar\/diario\/wp-json\/wp\/v2\/media?parent=15742"}],"wp:term":[{"taxonomy":"category","embeddable":true,"href":"https:\/\/armstrongyregion.com.ar\/diario\/wp-json\/wp\/v2\/categories?post=15742"},{"taxonomy":"post_tag","embeddable":true,"href":"https:\/\/armstrongyregion.com.ar\/diario\/wp-json\/wp\/v2\/tags?post=15742"}],"curies":[{"name":"wp","href":"https:\/\/api.w.org\/{rel}","templated":true}]}}