{"id":15736,"date":"2017-12-27T12:52:38","date_gmt":"2017-12-27T12:52:38","guid":{"rendered":"https:\/\/armstrongyregion.com.ar\/diario\/?p=15736"},"modified":"2017-12-27T12:52:38","modified_gmt":"2017-12-27T12:52:38","slug":"deliberando-danzas-internacionales-y-actualidad-en-las-rosas","status":"publish","type":"post","link":"https:\/\/armstrongyregion.com.ar\/diario\/deliberando-danzas-internacionales-y-actualidad-en-las-rosas\/","title":{"rendered":"DELIBERANDO, danzas internacionales y actualidad en Las Rosas."},"content":{"rendered":"<p><a href=\"http:\/\/armstrongyregion.com.ar\/diario\/wp-content\/uploads\/2017\/12\/DSC_0090.jpg\"><img loading=\"lazy\" decoding=\"async\" src=\"http:\/\/armstrongyregion.com.ar\/diario\/wp-content\/uploads\/2017\/12\/DSC_0090-1024x683.jpg\" alt=\"Mariano-Villarruel-\" width=\"800\" height=\"534\" class=\"alignnone size-large wp-image-15737\" srcset=\"https:\/\/armstrongyregion.com.ar\/diario\/wp-content\/uploads\/2017\/12\/DSC_0090-1024x683.jpg 1024w, https:\/\/armstrongyregion.com.ar\/diario\/wp-content\/uploads\/2017\/12\/DSC_0090-300x200.jpg 300w\" sizes=\"auto, (max-width: 800px) 100vw, 800px\" \/><\/a>Mariano Villarruel, integrante de la compa\u00f1\u00eda Alma Argentina de Correa, repasa la experiencia vivida en recientes actuaciones en Colombia. La organizaci\u00f3n del encuentro latinoamericano en esa localidad y el desarrollo cultural en danzas  y m\u00fasica en la comuna de Correa.<\/p>\n<p><a href=\"http:\/\/armstrongyregion.com.ar\/diario\/wp-content\/uploads\/2017\/12\/DSC_0093.jpg\"><img loading=\"lazy\" decoding=\"async\" src=\"http:\/\/armstrongyregion.com.ar\/diario\/wp-content\/uploads\/2017\/12\/DSC_0093-1024x683.jpg\" alt=\"Javier-Meyer-\" width=\"800\" height=\"534\" class=\"alignnone size-large wp-image-15738\" srcset=\"https:\/\/armstrongyregion.com.ar\/diario\/wp-content\/uploads\/2017\/12\/DSC_0093-1024x683.jpg 1024w, https:\/\/armstrongyregion.com.ar\/diario\/wp-content\/uploads\/2017\/12\/DSC_0093-300x200.jpg 300w\" sizes=\"auto, (max-width: 800px) 100vw, 800px\" \/><\/a>La ciudad de Las Rosas logra la incorporaci\u00f3n de nuevos implementos y veh\u00edculos para su municipalidad, lo enumera su intendente Javier Meyer, quien ademas aborda el buen momento financiero del municipio y su pretensi\u00f3n cumplido su mandato de ser candidato a senador departamental.<\/p>\n<p>DELIBERANDO, con la conducci\u00f3n de Graciela de la Casa- Ezequiel Piccoli y Oscar Crispino.<br \/>\nREITERACI\u00d3N: MI\u00c9RCOLES 13,30hs DOMINGO: 12hs<\/p>\n","protected":false},"excerpt":{"rendered":"<p>Mariano Villarruel, integrante de la compa\u00f1\u00eda Alma Argentina de Correa, repasa la experiencia vivida en recientes actuaciones en Colombia. La organizaci\u00f3n del encuentro latinoamericano en esa localidad y el desarrollo cultural en danzas y m\u00fasica en la comuna de Correa. La ciudad de Las Rosas logra la incorporaci\u00f3n de nuevos implementos y veh\u00edculos para su <a href=\"https:\/\/armstrongyregion.com.ar\/diario\/deliberando-danzas-internacionales-y-actualidad-en-las-rosas\/\" title=\"Read more\" >&#8230;<\/a><\/p>\n","protected":false},"author":1,"featured_media":15738,"comment_status":"open","ping_status":"open","sticky":false,"template":"","format":"standard","meta":{"_jetpack_memberships_contains_paid_content":false,"footnotes":"","jetpack_publicize_message":"","jetpack_publicize_feature_enabled":true,"jetpack_social_post_already_shared":false,"jetpack_social_options":{"image_generator_settings":{"template":"highway","default_image_id":0,"enabled":false},"version":2}},"categories":[6,1,2,7,3],"tags":[6275,44],"class_list":["post-15736","post","type-post","status-publish","format-standard","has-post-thumbnail","hentry","category-cultura-entretenimiento","category-diario-armstrong","category-locales","category-politica","category-region","tag-danzas-internacionales-y-actualidad-en-las-rosas","tag-deliberando-2"],"jetpack_publicize_connections":[],"jetpack_featured_media_url":"https:\/\/armstrongyregion.com.ar\/diario\/wp-content\/uploads\/2017\/12\/DSC_0093.jpg","jetpack_shortlink":"https:\/\/wp.me\/p62QDO-45O","jetpack_sharing_enabled":true,"amp_enabled":true,"_links":{"self":[{"href":"https:\/\/armstrongyregion.com.ar\/diario\/wp-json\/wp\/v2\/posts\/15736","targetHints":{"allow":["GET"]}}],"collection":[{"href":"https:\/\/armstrongyregion.com.ar\/diario\/wp-json\/wp\/v2\/posts"}],"about":[{"href":"https:\/\/armstrongyregion.com.ar\/diario\/wp-json\/wp\/v2\/types\/post"}],"author":[{"embeddable":true,"href":"https:\/\/armstrongyregion.com.ar\/diario\/wp-json\/wp\/v2\/users\/1"}],"replies":[{"embeddable":true,"href":"https:\/\/armstrongyregion.com.ar\/diario\/wp-json\/wp\/v2\/comments?post=15736"}],"version-history":[{"count":0,"href":"https:\/\/armstrongyregion.com.ar\/diario\/wp-json\/wp\/v2\/posts\/15736\/revisions"}],"wp:featuredmedia":[{"embeddable":true,"href":"https:\/\/armstrongyregion.com.ar\/diario\/wp-json\/wp\/v2\/media\/15738"}],"wp:attachment":[{"href":"https:\/\/armstrongyregion.com.ar\/diario\/wp-json\/wp\/v2\/media?parent=15736"}],"wp:term":[{"taxonomy":"category","embeddable":true,"href":"https:\/\/armstrongyregion.com.ar\/diario\/wp-json\/wp\/v2\/categories?post=15736"},{"taxonomy":"post_tag","embeddable":true,"href":"https:\/\/armstrongyregion.com.ar\/diario\/wp-json\/wp\/v2\/tags?post=15736"}],"curies":[{"name":"wp","href":"https:\/\/api.w.org\/{rel}","templated":true}]}}