{"id":15731,"date":"2017-12-27T12:20:31","date_gmt":"2017-12-27T12:20:31","guid":{"rendered":"https:\/\/armstrongyregion.com.ar\/diario\/?p=15731"},"modified":"2017-12-27T12:20:31","modified_gmt":"2017-12-27T12:20:31","slug":"el-lunes-1-de-enero-no-habra-recoleccion-de-residuos","status":"publish","type":"post","link":"https:\/\/armstrongyregion.com.ar\/diario\/el-lunes-1-de-enero-no-habra-recoleccion-de-residuos\/","title":{"rendered":"El lunes 1 de enero no habr\u00e1 recolecci\u00f3n de residuos."},"content":{"rendered":"<p><a href=\"http:\/\/armstrongyregion.com.ar\/diario\/wp-content\/uploads\/2015\/04\/recoleccion..jpg\"><img loading=\"lazy\" decoding=\"async\" src=\"http:\/\/armstrongyregion.com.ar\/diario\/wp-content\/uploads\/2015\/04\/recoleccion..jpg\" alt=\"recoleccion.\" width=\"300\" height=\"168\" class=\"alignnone size-full wp-image-1950\" \/><\/a>La Municipalidad de Armstrong mediante la Secretar\u00eda de Obras y Servicios P\u00fablicos informa que el  lunes 1 de enero de 2018 no habr\u00e1 recolecci\u00f3n de residuos domiciliarios.<br \/>\nLa misma se realizar\u00e1 el d\u00eda martes 2, en los horarios habituales.<\/p>\n","protected":false},"excerpt":{"rendered":"<p>La Municipalidad de Armstrong mediante la Secretar\u00eda de Obras y Servicios P\u00fablicos informa que el lunes 1 de enero de 2018 no habr\u00e1 recolecci\u00f3n de residuos domiciliarios. La misma se realizar\u00e1 el d\u00eda martes 2, en los horarios habituales.<\/p>\n","protected":false},"author":1,"featured_media":1950,"comment_status":"open","ping_status":"open","sticky":false,"template":"","format":"standard","meta":{"_jetpack_memberships_contains_paid_content":false,"footnotes":"","jetpack_publicize_message":"","jetpack_publicize_feature_enabled":true,"jetpack_social_post_already_shared":false,"jetpack_social_options":{"image_generator_settings":{"template":"highway","default_image_id":0,"enabled":false},"version":2}},"categories":[8,1,2,7],"tags":[6272],"class_list":["post-15731","post","type-post","status-publish","format-standard","has-post-thumbnail","hentry","category-deliberando","category-diario-armstrong","category-locales","category-politica","tag-el-lunes-1-de-enero-no-habra-recoleccion-de-residuos"],"jetpack_publicize_connections":[],"jetpack_featured_media_url":"https:\/\/armstrongyregion.com.ar\/diario\/wp-content\/uploads\/2015\/04\/recoleccion..jpg","jetpack_shortlink":"https:\/\/wp.me\/p62QDO-45J","jetpack_sharing_enabled":true,"amp_enabled":true,"_links":{"self":[{"href":"https:\/\/armstrongyregion.com.ar\/diario\/wp-json\/wp\/v2\/posts\/15731","targetHints":{"allow":["GET"]}}],"collection":[{"href":"https:\/\/armstrongyregion.com.ar\/diario\/wp-json\/wp\/v2\/posts"}],"about":[{"href":"https:\/\/armstrongyregion.com.ar\/diario\/wp-json\/wp\/v2\/types\/post"}],"author":[{"embeddable":true,"href":"https:\/\/armstrongyregion.com.ar\/diario\/wp-json\/wp\/v2\/users\/1"}],"replies":[{"embeddable":true,"href":"https:\/\/armstrongyregion.com.ar\/diario\/wp-json\/wp\/v2\/comments?post=15731"}],"version-history":[{"count":0,"href":"https:\/\/armstrongyregion.com.ar\/diario\/wp-json\/wp\/v2\/posts\/15731\/revisions"}],"wp:featuredmedia":[{"embeddable":true,"href":"https:\/\/armstrongyregion.com.ar\/diario\/wp-json\/wp\/v2\/media\/1950"}],"wp:attachment":[{"href":"https:\/\/armstrongyregion.com.ar\/diario\/wp-json\/wp\/v2\/media?parent=15731"}],"wp:term":[{"taxonomy":"category","embeddable":true,"href":"https:\/\/armstrongyregion.com.ar\/diario\/wp-json\/wp\/v2\/categories?post=15731"},{"taxonomy":"post_tag","embeddable":true,"href":"https:\/\/armstrongyregion.com.ar\/diario\/wp-json\/wp\/v2\/tags?post=15731"}],"curies":[{"name":"wp","href":"https:\/\/api.w.org\/{rel}","templated":true}]}}