{"id":15704,"date":"2017-12-25T00:18:57","date_gmt":"2017-12-25T00:18:57","guid":{"rendered":"https:\/\/armstrongyregion.com.ar\/diario\/?p=15704"},"modified":"2017-12-25T00:18:57","modified_gmt":"2017-12-25T00:18:57","slug":"armstrong-1-festival-internacional-de-danzas-folkloricas-huellas-de-america","status":"publish","type":"post","link":"https:\/\/armstrongyregion.com.ar\/diario\/armstrong-1-festival-internacional-de-danzas-folkloricas-huellas-de-america\/","title":{"rendered":"Armstrong. 1\u00b0 Festival Internacional de Danzas Folkl\u00f3ricas \u201cHUELLAS DE AMERICA\u201d ."},"content":{"rendered":"<p><a href=\"http:\/\/armstrongyregion.com.ar\/diario\/wp-content\/uploads\/2017\/12\/Bemba-Colora-.png\"><img loading=\"lazy\" decoding=\"async\" src=\"http:\/\/armstrongyregion.com.ar\/diario\/wp-content\/uploads\/2017\/12\/Bemba-Colora-.png\" alt=\"Bemba-Colora-\" width=\"600\" height=\"600\" class=\"alignnone size-full wp-image-15705\" srcset=\"https:\/\/armstrongyregion.com.ar\/diario\/wp-content\/uploads\/2017\/12\/Bemba-Colora-.png 600w, https:\/\/armstrongyregion.com.ar\/diario\/wp-content\/uploads\/2017\/12\/Bemba-Colora--150x150.png 150w, https:\/\/armstrongyregion.com.ar\/diario\/wp-content\/uploads\/2017\/12\/Bemba-Colora--300x300.png 300w, https:\/\/armstrongyregion.com.ar\/diario\/wp-content\/uploads\/2017\/12\/Bemba-Colora--144x144.png 144w\" sizes=\"auto, (max-width: 600px) 100vw, 600px\" \/><\/a>Por primera vez en la historia de Armstrong se realizar\u00e1 el Festival Internacional de Danzas Folkl\u00f3ricas \u201cHuellas de Am\u00e9rica\u201d. Este evento sentar\u00e1 las bases para la posterior realizaci\u00f3n de festivales de esta magnitud. El grupo de danzas Bemba Color\u00e1 con m\u00e1s de 20 a\u00f1os de trayectoria junto al Centro Tradicionalista el Tropero con el apoyo de la Municipalidad local y toda su poblaci\u00f3n dar\u00e1n el primer paso dejando huella en la historia de esta peque\u00f1a y pujante localidad.<br \/>\nSiendo las danzas folcl\u00f3ricas protagonistas y espejo de nuestras culturas, podremos difundir e intercambiar con nuestros hermanos latinoamericanos.<br \/>\nBemba Color\u00e1 fue apoyado en varias ocasiones por su localidad, la regi\u00f3n y la provincia para compartir e intercambiar con distintas delegaciones en el exterior, donde han sido recibidos y acogidos de la mejor manera. En esta oportunidad y en devoluci\u00f3n quieren ser ellos esta vez quienes reciban a delegaciones del exterior para retribuir el gesto de su gente realizando un evento que podr\u00e1n disfrutar quienes acompa\u00f1aron en todo momento. <\/p>\n","protected":false},"excerpt":{"rendered":"<p>Por primera vez en la historia de Armstrong se realizar\u00e1 el Festival Internacional de Danzas Folkl\u00f3ricas \u201cHuellas de Am\u00e9rica\u201d. Este evento sentar\u00e1 las bases para la posterior realizaci\u00f3n de festivales de esta magnitud. El grupo de danzas Bemba Color\u00e1 con m\u00e1s de 20 a\u00f1os de trayectoria junto al Centro Tradicionalista el Tropero con el apoyo <a href=\"https:\/\/armstrongyregion.com.ar\/diario\/armstrong-1-festival-internacional-de-danzas-folkloricas-huellas-de-america\/\" title=\"Read more\" >&#8230;<\/a><\/p>\n","protected":false},"author":1,"featured_media":15705,"comment_status":"open","ping_status":"open","sticky":false,"template":"","format":"standard","meta":{"_jetpack_memberships_contains_paid_content":false,"footnotes":"","jetpack_publicize_message":"","jetpack_publicize_feature_enabled":true,"jetpack_social_post_already_shared":false,"jetpack_social_options":{"image_generator_settings":{"template":"highway","default_image_id":0,"enabled":false},"version":2}},"categories":[6,8,1,2819,2,3],"tags":[6265],"class_list":["post-15704","post","type-post","status-publish","format-standard","has-post-thumbnail","hentry","category-cultura-entretenimiento","category-deliberando","category-diario-armstrong","category-el-pais","category-locales","category-region","tag-1-festival-internacional-de-danzas-folkloricas-huellas-de-america"],"jetpack_publicize_connections":[],"jetpack_featured_media_url":"https:\/\/armstrongyregion.com.ar\/diario\/wp-content\/uploads\/2017\/12\/Bemba-Colora-.png","jetpack_shortlink":"https:\/\/wp.me\/p62QDO-45i","jetpack_sharing_enabled":true,"amp_enabled":true,"_links":{"self":[{"href":"https:\/\/armstrongyregion.com.ar\/diario\/wp-json\/wp\/v2\/posts\/15704","targetHints":{"allow":["GET"]}}],"collection":[{"href":"https:\/\/armstrongyregion.com.ar\/diario\/wp-json\/wp\/v2\/posts"}],"about":[{"href":"https:\/\/armstrongyregion.com.ar\/diario\/wp-json\/wp\/v2\/types\/post"}],"author":[{"embeddable":true,"href":"https:\/\/armstrongyregion.com.ar\/diario\/wp-json\/wp\/v2\/users\/1"}],"replies":[{"embeddable":true,"href":"https:\/\/armstrongyregion.com.ar\/diario\/wp-json\/wp\/v2\/comments?post=15704"}],"version-history":[{"count":0,"href":"https:\/\/armstrongyregion.com.ar\/diario\/wp-json\/wp\/v2\/posts\/15704\/revisions"}],"wp:featuredmedia":[{"embeddable":true,"href":"https:\/\/armstrongyregion.com.ar\/diario\/wp-json\/wp\/v2\/media\/15705"}],"wp:attachment":[{"href":"https:\/\/armstrongyregion.com.ar\/diario\/wp-json\/wp\/v2\/media?parent=15704"}],"wp:term":[{"taxonomy":"category","embeddable":true,"href":"https:\/\/armstrongyregion.com.ar\/diario\/wp-json\/wp\/v2\/categories?post=15704"},{"taxonomy":"post_tag","embeddable":true,"href":"https:\/\/armstrongyregion.com.ar\/diario\/wp-json\/wp\/v2\/tags?post=15704"}],"curies":[{"name":"wp","href":"https:\/\/api.w.org\/{rel}","templated":true}]}}