{"id":15694,"date":"2017-12-23T12:55:31","date_gmt":"2017-12-23T12:55:31","guid":{"rendered":"https:\/\/armstrongyregion.com.ar\/diario\/?p=15694"},"modified":"2017-12-23T12:55:31","modified_gmt":"2017-12-23T12:55:31","slug":"ceso-el-alerta-pero-quedaron-los-rastros-de-la-tormenta-en-la-region","status":"publish","type":"post","link":"https:\/\/armstrongyregion.com.ar\/diario\/ceso-el-alerta-pero-quedaron-los-rastros-de-la-tormenta-en-la-region\/","title":{"rendered":"Ces\u00f3 el alerta pero quedaron los rastros de la tormenta en la regi\u00f3n."},"content":{"rendered":"<p><a href=\"http:\/\/armstrongyregion.com.ar\/diario\/wp-content\/uploads\/2017\/08\/primavera-.jpg\"><img loading=\"lazy\" decoding=\"async\" src=\"http:\/\/armstrongyregion.com.ar\/diario\/wp-content\/uploads\/2017\/08\/primavera-.jpg\" alt=\"primavera-\" width=\"768\" height=\"445\" class=\"alignnone size-full wp-image-14033\" srcset=\"https:\/\/armstrongyregion.com.ar\/diario\/wp-content\/uploads\/2017\/08\/primavera-.jpg 768w, https:\/\/armstrongyregion.com.ar\/diario\/wp-content\/uploads\/2017\/08\/primavera--300x174.jpg 300w\" sizes=\"auto, (max-width: 768px) 100vw, 768px\" \/><\/a>El Servicio Meteorol\u00f3gico determin\u00f3 la finalizaci\u00f3n de la advertencia por tormentas severas en Armstrong y la zona. Las r\u00e1fagas de viento, la lluvia y en algunos sectores el granizo de importante tama\u00f1o, dejaron sus marcas.<br \/>\nUna buena: la temperatura, que fue sofocante durante todo el viernes, baj\u00f3 notablemente.<\/p>\n","protected":false},"excerpt":{"rendered":"<p>El Servicio Meteorol\u00f3gico determin\u00f3 la finalizaci\u00f3n de la advertencia por tormentas severas en Armstrong y la zona. Las r\u00e1fagas de viento, la lluvia y en algunos sectores el granizo de importante tama\u00f1o, dejaron sus marcas. Una buena: la temperatura, que fue sofocante durante todo el viernes, baj\u00f3 notablemente.<\/p>\n","protected":false},"author":1,"featured_media":14033,"comment_status":"open","ping_status":"open","sticky":false,"template":"","format":"standard","meta":{"_jetpack_memberships_contains_paid_content":false,"footnotes":"","jetpack_publicize_message":"","jetpack_publicize_feature_enabled":true,"jetpack_social_post_already_shared":false,"jetpack_social_options":{"image_generator_settings":{"template":"highway","default_image_id":0,"enabled":false},"version":2}},"categories":[8,1,2,7,3],"tags":[6262],"class_list":["post-15694","post","type-post","status-publish","format-standard","has-post-thumbnail","hentry","category-deliberando","category-diario-armstrong","category-locales","category-politica","category-region","tag-ceso-alerta-en-armstrong"],"jetpack_publicize_connections":[],"jetpack_featured_media_url":"https:\/\/armstrongyregion.com.ar\/diario\/wp-content\/uploads\/2017\/08\/primavera-.jpg","jetpack_shortlink":"https:\/\/wp.me\/p62QDO-458","jetpack_sharing_enabled":true,"amp_enabled":true,"_links":{"self":[{"href":"https:\/\/armstrongyregion.com.ar\/diario\/wp-json\/wp\/v2\/posts\/15694","targetHints":{"allow":["GET"]}}],"collection":[{"href":"https:\/\/armstrongyregion.com.ar\/diario\/wp-json\/wp\/v2\/posts"}],"about":[{"href":"https:\/\/armstrongyregion.com.ar\/diario\/wp-json\/wp\/v2\/types\/post"}],"author":[{"embeddable":true,"href":"https:\/\/armstrongyregion.com.ar\/diario\/wp-json\/wp\/v2\/users\/1"}],"replies":[{"embeddable":true,"href":"https:\/\/armstrongyregion.com.ar\/diario\/wp-json\/wp\/v2\/comments?post=15694"}],"version-history":[{"count":0,"href":"https:\/\/armstrongyregion.com.ar\/diario\/wp-json\/wp\/v2\/posts\/15694\/revisions"}],"wp:featuredmedia":[{"embeddable":true,"href":"https:\/\/armstrongyregion.com.ar\/diario\/wp-json\/wp\/v2\/media\/14033"}],"wp:attachment":[{"href":"https:\/\/armstrongyregion.com.ar\/diario\/wp-json\/wp\/v2\/media?parent=15694"}],"wp:term":[{"taxonomy":"category","embeddable":true,"href":"https:\/\/armstrongyregion.com.ar\/diario\/wp-json\/wp\/v2\/categories?post=15694"},{"taxonomy":"post_tag","embeddable":true,"href":"https:\/\/armstrongyregion.com.ar\/diario\/wp-json\/wp\/v2\/tags?post=15694"}],"curies":[{"name":"wp","href":"https:\/\/api.w.org\/{rel}","templated":true}]}}