{"id":15684,"date":"2017-12-22T12:32:56","date_gmt":"2017-12-22T12:32:56","guid":{"rendered":"https:\/\/armstrongyregion.com.ar\/diario\/?p=15684"},"modified":"2017-12-22T15:59:16","modified_gmt":"2017-12-22T15:59:16","slug":"fallecio-ernesto-mansilla","status":"publish","type":"post","link":"https:\/\/armstrongyregion.com.ar\/diario\/fallecio-ernesto-mansilla\/","title":{"rendered":"Falleci\u00f3 Ernesto Mansilla"},"content":{"rendered":"<p>El ex Presidente del Concejo es velado en Cassarolli Servicios Sociales (San Mart\u00edn 536), y el sepelio ser\u00e1 a las 18 horas de hoy.<\/p>\n<p><a href=\"http:\/\/armstrongyregion.com.ar\/diario\/wp-content\/uploads\/2017\/12\/a.jpg\"><img loading=\"lazy\" decoding=\"async\" class=\"alignnone size-medium wp-image-15685\" src=\"http:\/\/armstrongyregion.com.ar\/diario\/wp-content\/uploads\/2017\/12\/a-300x169.jpg\" alt=\"a\" width=\"300\" height=\"169\" srcset=\"https:\/\/armstrongyregion.com.ar\/diario\/wp-content\/uploads\/2017\/12\/a-300x169.jpg 300w, https:\/\/armstrongyregion.com.ar\/diario\/wp-content\/uploads\/2017\/12\/a.jpg 800w\" sizes=\"auto, (max-width: 300px) 100vw, 300px\" \/><\/a><\/p>\n<p>Part\u00edcipe destacado de la vida institucional de Las Rosas durante casi 50 a\u00f1os, Ernesto Mansilla falleci\u00f3 anoche a sus 69 a\u00f1os de edad. Siempre desde el Partido Justicialista, por m\u00e1s de 4 d\u00e9cadas fue activo participante en la pol\u00edtica rosense, siendo concejal desde 1997 hasta el pasado 10 de diciembre, y Presidente del cuerpo legislativo de nuestra ciudad durante numerosos per\u00edodos.<br \/>\nSu comprometida acci\u00f3n, si bien abarcativa de todos los temas de la ciudad, estuvo preferentemente dedicada a los m\u00e1s humildes, a los cuales permanentemente acompa\u00f1\u00f3 en la b\u00fasqueda de resolverles problemas a trav\u00e9s de sus gestiones.<\/p>\n<p>Fuente: Las Rosas Digital<\/p>\n","protected":false},"excerpt":{"rendered":"<p>El ex Presidente del Concejo es velado en Cassarolli Servicios Sociales (San Mart\u00edn 536), y el sepelio ser\u00e1 a las 18 horas de hoy. Part\u00edcipe destacado de la vida institucional de Las Rosas durante casi 50 a\u00f1os, Ernesto Mansilla falleci\u00f3 anoche a sus 69 a\u00f1os de edad. Siempre desde el Partido Justicialista, por m\u00e1s de <a href=\"https:\/\/armstrongyregion.com.ar\/diario\/fallecio-ernesto-mansilla\/\" title=\"Read more\" >&#8230;<\/a><\/p>\n","protected":false},"author":2,"featured_media":15685,"comment_status":"open","ping_status":"open","sticky":false,"template":"","format":"standard","meta":{"_jetpack_memberships_contains_paid_content":false,"footnotes":"","jetpack_publicize_message":"","jetpack_publicize_feature_enabled":true,"jetpack_social_post_already_shared":false,"jetpack_social_options":{"image_generator_settings":{"template":"highway","default_image_id":0,"enabled":false},"version":2}},"categories":[1],"tags":[6259],"class_list":["post-15684","post","type-post","status-publish","format-standard","has-post-thumbnail","hentry","category-diario-armstrong","tag-fallecio-ernesto-mansilla"],"jetpack_publicize_connections":[],"jetpack_featured_media_url":"https:\/\/armstrongyregion.com.ar\/diario\/wp-content\/uploads\/2017\/12\/a.jpg","jetpack_shortlink":"https:\/\/wp.me\/p62QDO-44Y","jetpack_sharing_enabled":true,"amp_enabled":true,"_links":{"self":[{"href":"https:\/\/armstrongyregion.com.ar\/diario\/wp-json\/wp\/v2\/posts\/15684","targetHints":{"allow":["GET"]}}],"collection":[{"href":"https:\/\/armstrongyregion.com.ar\/diario\/wp-json\/wp\/v2\/posts"}],"about":[{"href":"https:\/\/armstrongyregion.com.ar\/diario\/wp-json\/wp\/v2\/types\/post"}],"author":[{"embeddable":true,"href":"https:\/\/armstrongyregion.com.ar\/diario\/wp-json\/wp\/v2\/users\/2"}],"replies":[{"embeddable":true,"href":"https:\/\/armstrongyregion.com.ar\/diario\/wp-json\/wp\/v2\/comments?post=15684"}],"version-history":[{"count":0,"href":"https:\/\/armstrongyregion.com.ar\/diario\/wp-json\/wp\/v2\/posts\/15684\/revisions"}],"wp:featuredmedia":[{"embeddable":true,"href":"https:\/\/armstrongyregion.com.ar\/diario\/wp-json\/wp\/v2\/media\/15685"}],"wp:attachment":[{"href":"https:\/\/armstrongyregion.com.ar\/diario\/wp-json\/wp\/v2\/media?parent=15684"}],"wp:term":[{"taxonomy":"category","embeddable":true,"href":"https:\/\/armstrongyregion.com.ar\/diario\/wp-json\/wp\/v2\/categories?post=15684"},{"taxonomy":"post_tag","embeddable":true,"href":"https:\/\/armstrongyregion.com.ar\/diario\/wp-json\/wp\/v2\/tags?post=15684"}],"curies":[{"name":"wp","href":"https:\/\/api.w.org\/{rel}","templated":true}]}}