{"id":15673,"date":"2017-12-22T10:44:40","date_gmt":"2017-12-22T10:44:40","guid":{"rendered":"https:\/\/armstrongyregion.com.ar\/diario\/?p=15673"},"modified":"2017-12-22T10:44:40","modified_gmt":"2017-12-22T10:44:40","slug":"rasetto-presento-su-proyecto-para-declarar-a-canada-como-capital-provincial-del-mueble","status":"publish","type":"post","link":"https:\/\/armstrongyregion.com.ar\/diario\/rasetto-presento-su-proyecto-para-declarar-a-canada-como-capital-provincial-del-mueble\/","title":{"rendered":"Rasetto present\u00f3 su proyecto para declarar a Ca\u00f1ada como Capital Provincial del Mueble."},"content":{"rendered":"<p><a href=\"http:\/\/armstrongyregion.com.ar\/diario\/wp-content\/uploads\/2017\/12\/Rasetto-capital-mueble..jpg\"><img loading=\"lazy\" decoding=\"async\" src=\"http:\/\/armstrongyregion.com.ar\/diario\/wp-content\/uploads\/2017\/12\/Rasetto-capital-mueble..jpg\" alt=\"Rasetto-capital-mueble.\" width=\"768\" height=\"465\" class=\"alignnone size-full wp-image-15674\" srcset=\"https:\/\/armstrongyregion.com.ar\/diario\/wp-content\/uploads\/2017\/12\/Rasetto-capital-mueble..jpg 768w, https:\/\/armstrongyregion.com.ar\/diario\/wp-content\/uploads\/2017\/12\/Rasetto-capital-mueble.-300x182.jpg 300w\" sizes=\"auto, (max-width: 768px) 100vw, 768px\" \/><\/a>l lanzamiento de la iniciativa se realiz\u00f3 en la Casa del Senado con presencia de las principales entidades del sector. \u201cLa importancia del mueble en el crecimiento de la ciudad merece que reconozcamos a Ca\u00f1ada como gran referente de esta industria, a nivel provincial y nacional\u201d, expres\u00f3 Rasetto.<\/p>\n<p>\u201cEl objetivo es valorar la importancia del mueble en la historia de los ca\u00f1adenses. Esta industria influy\u00f3 en la esencia de Ca\u00f1ada de G\u00f3mez generando progreso, trabajo y riquezas, y su desarrollo alcanz\u00f3 tal punto, que hoy es la carta de presentaci\u00f3n de la ciudad a nivel provincial y nacional, y motivo de orgullo para todos nosotros\u201d, declar\u00f3 Hugo Rasetto, autor del proyecto.<\/p>\n<p>\u201cDesde los primeros pioneros como el maestro carpintero Enrique Pachiotti, hasta las grandes empresas del sector que existen hoy en d\u00eda, el arte de trabajar la madera tambi\u00e9n fue moldeando la idiosincrasia de los ca\u00f1adenses, y ser\u00eda imposible imaginar el crecimiento actual de la ciudad sin el enorme aporte realizado por la industria del mueble\u201d, agreg\u00f3 el senador por el departamento Iriondo. <\/p>\n<p>\u201cLa declaraci\u00f3n como Capital Provincial de la Industria del Mueble tiene un sentido simb\u00f3lico, pero adem\u00e1s, creemos que brindar\u00e1 ventajas comparativas para el sector a la hora de ampliar sus horizontes, y otorgar\u00e1 institucionalidad a la hora de consolidar la industria como referencia en Santa Fe, y en todo el pa\u00eds. Por este motivo, agradezco especialmente a todas las entidades y referentes que hoy nos acompa\u00f1an, dando su apoyo a esta iniciativa\u201d, concluy\u00f3 Rasetto. <\/p>\n<p>El lanzamiento del proyecto de Ley se realiz\u00f3 el mi\u00e9rcoles por la noche en la Casa del Senado, y cont\u00f3 con la presencia de C\u00e9sar Federici, presidente de la C\u00e1mara de la Industria Maderera y Afines de Ca\u00f1ada de G\u00f3mez; Maximiliano Ferraro, coordinador del Centro Econ\u00f3mico; Roberto Tabares, titular del Sindicato de Trabajadores de la Madera, y los concejales Mat\u00edas Chale y Luciano Travaglino.<\/p>\n<p>Tambi\u00e9n participaron representantes de FUDECA, junto a empresarios, autoridades y medios de comunicaci\u00f3n de la ciudad y la regi\u00f3n.<\/p>\n","protected":false},"excerpt":{"rendered":"<p>l lanzamiento de la iniciativa se realiz\u00f3 en la Casa del Senado con presencia de las principales entidades del sector. \u201cLa importancia del mueble en el crecimiento de la ciudad merece que reconozcamos a Ca\u00f1ada como gran referente de esta industria, a nivel provincial y nacional\u201d, expres\u00f3 Rasetto. \u201cEl objetivo es valorar la importancia del <a href=\"https:\/\/armstrongyregion.com.ar\/diario\/rasetto-presento-su-proyecto-para-declarar-a-canada-como-capital-provincial-del-mueble\/\" title=\"Read more\" >&#8230;<\/a><\/p>\n","protected":false},"author":1,"featured_media":15674,"comment_status":"open","ping_status":"open","sticky":false,"template":"","format":"standard","meta":{"_jetpack_memberships_contains_paid_content":false,"footnotes":"","jetpack_publicize_message":"","jetpack_publicize_feature_enabled":true,"jetpack_social_post_already_shared":false,"jetpack_social_options":{"image_generator_settings":{"template":"highway","default_image_id":0,"enabled":false},"version":2}},"categories":[1,2,7,3],"tags":[6255],"class_list":["post-15673","post","type-post","status-publish","format-standard","has-post-thumbnail","hentry","category-diario-armstrong","category-locales","category-politica","category-region","tag-rasetto-presento-su-proyecto-para-declarar-a-canada-como-capital-provincial-del-mueble"],"jetpack_publicize_connections":[],"jetpack_featured_media_url":"https:\/\/armstrongyregion.com.ar\/diario\/wp-content\/uploads\/2017\/12\/Rasetto-capital-mueble..jpg","jetpack_shortlink":"https:\/\/wp.me\/p62QDO-44N","jetpack_sharing_enabled":true,"amp_enabled":true,"_links":{"self":[{"href":"https:\/\/armstrongyregion.com.ar\/diario\/wp-json\/wp\/v2\/posts\/15673","targetHints":{"allow":["GET"]}}],"collection":[{"href":"https:\/\/armstrongyregion.com.ar\/diario\/wp-json\/wp\/v2\/posts"}],"about":[{"href":"https:\/\/armstrongyregion.com.ar\/diario\/wp-json\/wp\/v2\/types\/post"}],"author":[{"embeddable":true,"href":"https:\/\/armstrongyregion.com.ar\/diario\/wp-json\/wp\/v2\/users\/1"}],"replies":[{"embeddable":true,"href":"https:\/\/armstrongyregion.com.ar\/diario\/wp-json\/wp\/v2\/comments?post=15673"}],"version-history":[{"count":0,"href":"https:\/\/armstrongyregion.com.ar\/diario\/wp-json\/wp\/v2\/posts\/15673\/revisions"}],"wp:featuredmedia":[{"embeddable":true,"href":"https:\/\/armstrongyregion.com.ar\/diario\/wp-json\/wp\/v2\/media\/15674"}],"wp:attachment":[{"href":"https:\/\/armstrongyregion.com.ar\/diario\/wp-json\/wp\/v2\/media?parent=15673"}],"wp:term":[{"taxonomy":"category","embeddable":true,"href":"https:\/\/armstrongyregion.com.ar\/diario\/wp-json\/wp\/v2\/categories?post=15673"},{"taxonomy":"post_tag","embeddable":true,"href":"https:\/\/armstrongyregion.com.ar\/diario\/wp-json\/wp\/v2\/tags?post=15673"}],"curies":[{"name":"wp","href":"https:\/\/api.w.org\/{rel}","templated":true}]}}