{"id":15582,"date":"2017-12-14T11:51:07","date_gmt":"2017-12-14T11:51:07","guid":{"rendered":"https:\/\/armstrongyregion.com.ar\/diario\/?p=15582"},"modified":"2017-12-14T11:51:07","modified_gmt":"2017-12-14T11:51:07","slug":"la-uom-alerta-frente-al-probable-despido-de-mas-de-cien-empleados-de-vassalli","status":"publish","type":"post","link":"https:\/\/armstrongyregion.com.ar\/diario\/la-uom-alerta-frente-al-probable-despido-de-mas-de-cien-empleados-de-vassalli\/","title":{"rendered":"La UOM, alerta frente al probable despido de m\u00e1s de cien empleados de Vassalli."},"content":{"rendered":"<p><a href=\"http:\/\/armstrongyregion.com.ar\/diario\/wp-content\/uploads\/2017\/12\/vasalli-.jpg\"><img loading=\"lazy\" decoding=\"async\" src=\"http:\/\/armstrongyregion.com.ar\/diario\/wp-content\/uploads\/2017\/12\/vasalli-.jpg\" alt=\"vasalli-\" width=\"768\" height=\"432\" class=\"alignnone size-full wp-image-15583\" srcset=\"https:\/\/armstrongyregion.com.ar\/diario\/wp-content\/uploads\/2017\/12\/vasalli-.jpg 768w, https:\/\/armstrongyregion.com.ar\/diario\/wp-content\/uploads\/2017\/12\/vasalli--300x169.jpg 300w\" sizes=\"auto, (max-width: 768px) 100vw, 768px\" \/><\/a>La Uni\u00f3n Obrera Metal\u00fargica (UOM) se declar\u00f3 en estado de alerta y movilizaci\u00f3n ante la intensi\u00f3n de la f\u00e1brica de cosechadoras Vassalli de despedir a m\u00e1s de cien trabajadores a principios de enero.<br \/>\n\u00abM\u00e1s que una versi\u00f3n es un parte oficial de parte de la empresa. Nosotros estamos resistiendo esta postura de la patronal desde hace dos o tres meses cuando quiso desvincular a esta cantidad de empleados a trav\u00e9s de retiros voluntarios que fueron rechazados por la UOM porque los consideramos despidos encubiertos\u00bb, afirm\u00f3 Pablo Cerra, abogado de la UOM Rosario.<br \/>\nEn declaraciones al programa \u00abZysman 830\u00bb, el representante del gremio metal\u00fargico remarc\u00f3 que los retiros voluntarios que impuso la empresa \u00abno tuvo \u00e9xito en los trabajadores por las condiciones en que son impuestos. Ning\u00fan empleado acept\u00f3 individualmente este tipo de retiro\u00bb.<br \/>\n\u00abEsta situaci\u00f3n llev\u00f3 a momentos de mucha tensi\u00f3n. Por este motivo, Vassalli en las audiencias en el Ministerio de Trabajo en m\u00e1s de una ocasi\u00f3n dijo que iba a incumplir el convenio que est\u00e1 vigente que impide despidos antes del 31 de diciembre. Ellos dicen que lo har\u00e1n antes de esa fecha\u00bb, agreg\u00f3 Cerra.<br \/>\nEl abogado agreg\u00f3 que \u00abm\u00e1s all\u00e1 de esas amenazas, no lo han hecho, pero lo que s\u00ed hicieron fue llamar uno por uno a los trabajadores, dici\u00e9ndoles que si no aceptan los retiros voluntarios el 2 \u00f3 3 de enero tendr\u00edan los telegramas en las casas\u00bb.<br \/>\n\u00abNosotros consideramos que no es una amenaza sino que lo van a intentar. Hasta que la empresa no act\u00fae vamos a estar alertas sin tomar medidas. Si la empresa cumple la amenaza vamos a exprimir todas las herramientas gremiales y administrativas existentes\u00bb, agreg\u00f3 el letrado.<\/p>\n","protected":false},"excerpt":{"rendered":"<p>La Uni\u00f3n Obrera Metal\u00fargica (UOM) se declar\u00f3 en estado de alerta y movilizaci\u00f3n ante la intensi\u00f3n de la f\u00e1brica de cosechadoras Vassalli de despedir a m\u00e1s de cien trabajadores a principios de enero. \u00abM\u00e1s que una versi\u00f3n es un parte oficial de parte de la empresa. Nosotros estamos resistiendo esta postura de la patronal desde <a href=\"https:\/\/armstrongyregion.com.ar\/diario\/la-uom-alerta-frente-al-probable-despido-de-mas-de-cien-empleados-de-vassalli\/\" title=\"Read more\" >&#8230;<\/a><\/p>\n","protected":false},"author":1,"featured_media":15583,"comment_status":"open","ping_status":"open","sticky":false,"template":"","format":"standard","meta":{"_jetpack_memberships_contains_paid_content":false,"footnotes":"","jetpack_publicize_message":"","jetpack_publicize_feature_enabled":true,"jetpack_social_post_already_shared":false,"jetpack_social_options":{"image_generator_settings":{"template":"highway","default_image_id":0,"enabled":false},"version":2}},"categories":[1,7,3],"tags":[6228,6227],"class_list":["post-15582","post","type-post","status-publish","format-standard","has-post-thumbnail","hentry","category-diario-armstrong","category-politica","category-region","tag-alerta-frente-al-probable-despido-de-mas-de-cien-empleados-de-vassalli","tag-la-uom"],"jetpack_publicize_connections":[],"jetpack_featured_media_url":"https:\/\/armstrongyregion.com.ar\/diario\/wp-content\/uploads\/2017\/12\/vasalli-.jpg","jetpack_shortlink":"https:\/\/wp.me\/p62QDO-43k","jetpack_sharing_enabled":true,"amp_enabled":true,"_links":{"self":[{"href":"https:\/\/armstrongyregion.com.ar\/diario\/wp-json\/wp\/v2\/posts\/15582","targetHints":{"allow":["GET"]}}],"collection":[{"href":"https:\/\/armstrongyregion.com.ar\/diario\/wp-json\/wp\/v2\/posts"}],"about":[{"href":"https:\/\/armstrongyregion.com.ar\/diario\/wp-json\/wp\/v2\/types\/post"}],"author":[{"embeddable":true,"href":"https:\/\/armstrongyregion.com.ar\/diario\/wp-json\/wp\/v2\/users\/1"}],"replies":[{"embeddable":true,"href":"https:\/\/armstrongyregion.com.ar\/diario\/wp-json\/wp\/v2\/comments?post=15582"}],"version-history":[{"count":0,"href":"https:\/\/armstrongyregion.com.ar\/diario\/wp-json\/wp\/v2\/posts\/15582\/revisions"}],"wp:featuredmedia":[{"embeddable":true,"href":"https:\/\/armstrongyregion.com.ar\/diario\/wp-json\/wp\/v2\/media\/15583"}],"wp:attachment":[{"href":"https:\/\/armstrongyregion.com.ar\/diario\/wp-json\/wp\/v2\/media?parent=15582"}],"wp:term":[{"taxonomy":"category","embeddable":true,"href":"https:\/\/armstrongyregion.com.ar\/diario\/wp-json\/wp\/v2\/categories?post=15582"},{"taxonomy":"post_tag","embeddable":true,"href":"https:\/\/armstrongyregion.com.ar\/diario\/wp-json\/wp\/v2\/tags?post=15582"}],"curies":[{"name":"wp","href":"https:\/\/api.w.org\/{rel}","templated":true}]}}