{"id":15579,"date":"2017-12-14T11:36:09","date_gmt":"2017-12-14T11:36:09","guid":{"rendered":"https:\/\/armstrongyregion.com.ar\/diario\/?p=15579"},"modified":"2017-12-14T11:36:09","modified_gmt":"2017-12-14T11:36:09","slug":"se-aprobo-la-ley-de-empresas-recuperadas","status":"publish","type":"post","link":"https:\/\/armstrongyregion.com.ar\/diario\/se-aprobo-la-ley-de-empresas-recuperadas\/","title":{"rendered":"Se aprob\u00f3 la Ley de Empresas Recuperadas."},"content":{"rendered":"<p><a href=\"http:\/\/armstrongyregion.com.ar\/diario\/wp-content\/uploads\/2017\/12\/foto-1.jpg\"><img loading=\"lazy\" decoding=\"async\" src=\"http:\/\/armstrongyregion.com.ar\/diario\/wp-content\/uploads\/2017\/12\/foto-1.jpg\" alt=\"foto-1\" width=\"768\" height=\"512\" class=\"alignnone size-full wp-image-15580\" srcset=\"https:\/\/armstrongyregion.com.ar\/diario\/wp-content\/uploads\/2017\/12\/foto-1.jpg 768w, https:\/\/armstrongyregion.com.ar\/diario\/wp-content\/uploads\/2017\/12\/foto-1-300x200.jpg 300w\" sizes=\"auto, (max-width: 768px) 100vw, 768px\" \/><\/a>La norma fue girada al Poder Ejecutivo que encabeza Miguel Lifschitz para su reglamentaci\u00f3n y promulgaci\u00f3n.<br \/>\n     La Legislatura provincial sancion\u00f3 la Ley de Empresas Recuperadas mediante la cual el Estado santafesino brindar\u00e1 asistencia t\u00e9cnica, jur\u00eddica y econ\u00f3mica a las cooperativas de trabajo que gestionen por cuenta propia emprendimientos productivos en cualquier rama de la econom\u00eda. La autoridad de aplicaci\u00f3n ser\u00e1 la Subsecretar\u00eda de Econom\u00eda Social y Solidaria, dependiente del Ministerio de la Producci\u00f3n de la provincia.<br \/>\n      El proyecto de Ley impulsado por el diputado Joaqu\u00edn Blanco, Miguel Sol\u00eds y el bloque de diputados socialistas, que ya contaba con media sanci\u00f3n de la C\u00e1mara Baja, logr\u00f3 sanci\u00f3n definitiva cuando fue aprobado por unanimidad en la C\u00e1mara de Senadores.<br \/>\n      Se entiende por empresa recuperada a toda experiencia de autogesti\u00f3n en la cual los trabajadores se organizan en cooperativas con la misi\u00f3n de llevar adelante un emprendimiento productivo<br \/>\n             Solis expres\u00f3 que esta Ley \u201ces producto de la lucha de miles de trabajadores que buscan sostener su fuente laboral, seguir produciendo y apostando al desarrollo de nuestra econom\u00eda\u201d.<br \/>\n      Santa Fe es una provincia con amplia trayectoria en la materia. Existen al menos 35 empresas recuperadas en distintas localidades, convertidas en cooperativas, con m\u00e1s de 1.200 trabajadores en forma directa.<br \/>\n    Por su parte, el diputado Blanco declar\u00f3 que \u201cCon las empresas recuperadas est\u00e1bamos corriendo atr\u00e1s del problema. Jur\u00eddicamente, a partir de la quiebra, hab\u00eda que demostrar ante el juez la necesidad de organizar a los trabajadores en cooperativas, se involucraban los abogados en el proceso de quiebra. Esto es al rev\u00e9s: ante un proceso de vaciamiento de una empresa, se constituye un grupo de trabajadores para sostener esas fuentes y hay un reconocimiento jur\u00eddico a partir de esta ley\u201d.<br \/>\n      Las empresas recuperadas ser\u00e1n beneficiadas con asistencia t\u00e9cnica y jur\u00eddica; acompa\u00f1amiento del Estado para su sustentabilidad en los aspectos econ\u00f3mico, productivo y social; tratamiento fiscal preferencial; acceso a l\u00edneas de cr\u00e9ditos, programas de fomento y desarrollo tecnol\u00f3gico; capacitaciones en oficios por parte del Ministerio de Trabajo; la difusi\u00f3n, por parte de la provincia, de los productos elaborados por las cooperativas; ayuda para poder exportar; y una consideraci\u00f3n diferencial por parte de la Empresa Provincial de la Energ\u00eda en cuanto a la tarifa de electricidad. <\/p>\n","protected":false},"excerpt":{"rendered":"<p>La norma fue girada al Poder Ejecutivo que encabeza Miguel Lifschitz para su reglamentaci\u00f3n y promulgaci\u00f3n. La Legislatura provincial sancion\u00f3 la Ley de Empresas Recuperadas mediante la cual el Estado santafesino brindar\u00e1 asistencia t\u00e9cnica, jur\u00eddica y econ\u00f3mica a las cooperativas de trabajo que gestionen por cuenta propia emprendimientos productivos en cualquier rama de la econom\u00eda. <a href=\"https:\/\/armstrongyregion.com.ar\/diario\/se-aprobo-la-ley-de-empresas-recuperadas\/\" title=\"Read more\" >&#8230;<\/a><\/p>\n","protected":false},"author":1,"featured_media":15580,"comment_status":"open","ping_status":"open","sticky":false,"template":"","format":"standard","meta":{"_jetpack_memberships_contains_paid_content":false,"footnotes":"","jetpack_publicize_message":"","jetpack_publicize_feature_enabled":true,"jetpack_social_post_already_shared":false,"jetpack_social_options":{"image_generator_settings":{"template":"highway","default_image_id":0,"enabled":false},"version":2}},"categories":[8,1,2,3],"tags":[6226],"class_list":["post-15579","post","type-post","status-publish","format-standard","has-post-thumbnail","hentry","category-deliberando","category-diario-armstrong","category-locales","category-region","tag-se-aprobo-la-ley-de-empresas-recuperadas"],"jetpack_publicize_connections":[],"jetpack_featured_media_url":"https:\/\/armstrongyregion.com.ar\/diario\/wp-content\/uploads\/2017\/12\/foto-1.jpg","jetpack_shortlink":"https:\/\/wp.me\/p62QDO-43h","jetpack_sharing_enabled":true,"amp_enabled":true,"_links":{"self":[{"href":"https:\/\/armstrongyregion.com.ar\/diario\/wp-json\/wp\/v2\/posts\/15579","targetHints":{"allow":["GET"]}}],"collection":[{"href":"https:\/\/armstrongyregion.com.ar\/diario\/wp-json\/wp\/v2\/posts"}],"about":[{"href":"https:\/\/armstrongyregion.com.ar\/diario\/wp-json\/wp\/v2\/types\/post"}],"author":[{"embeddable":true,"href":"https:\/\/armstrongyregion.com.ar\/diario\/wp-json\/wp\/v2\/users\/1"}],"replies":[{"embeddable":true,"href":"https:\/\/armstrongyregion.com.ar\/diario\/wp-json\/wp\/v2\/comments?post=15579"}],"version-history":[{"count":0,"href":"https:\/\/armstrongyregion.com.ar\/diario\/wp-json\/wp\/v2\/posts\/15579\/revisions"}],"wp:featuredmedia":[{"embeddable":true,"href":"https:\/\/armstrongyregion.com.ar\/diario\/wp-json\/wp\/v2\/media\/15580"}],"wp:attachment":[{"href":"https:\/\/armstrongyregion.com.ar\/diario\/wp-json\/wp\/v2\/media?parent=15579"}],"wp:term":[{"taxonomy":"category","embeddable":true,"href":"https:\/\/armstrongyregion.com.ar\/diario\/wp-json\/wp\/v2\/categories?post=15579"},{"taxonomy":"post_tag","embeddable":true,"href":"https:\/\/armstrongyregion.com.ar\/diario\/wp-json\/wp\/v2\/tags?post=15579"}],"curies":[{"name":"wp","href":"https:\/\/api.w.org\/{rel}","templated":true}]}}