{"id":15570,"date":"2017-12-12T21:05:10","date_gmt":"2017-12-12T21:05:10","guid":{"rendered":"https:\/\/armstrongyregion.com.ar\/diario\/?p=15570"},"modified":"2017-12-12T21:05:10","modified_gmt":"2017-12-12T21:05:10","slug":"alejandro-pertusati-asumio-al-cargo-de-concejal-en-reemplazo-de-daniela-perez","status":"publish","type":"post","link":"https:\/\/armstrongyregion.com.ar\/diario\/alejandro-pertusati-asumio-al-cargo-de-concejal-en-reemplazo-de-daniela-perez\/","title":{"rendered":"Alejandro Pertusati asumi\u00f3 al cargo de concejal en reemplazo de Daniela P\u00e9rez."},"content":{"rendered":"<p><a href=\"http:\/\/armstrongyregion.com.ar\/diario\/wp-content\/uploads\/2017\/12\/Ale-Pertu-.jpg\"><img loading=\"lazy\" decoding=\"async\" src=\"http:\/\/armstrongyregion.com.ar\/diario\/wp-content\/uploads\/2017\/12\/Ale-Pertu-.jpg\" alt=\"Ale-Pertu-\" width=\"960\" height=\"720\" class=\"alignnone size-full wp-image-15571\" srcset=\"https:\/\/armstrongyregion.com.ar\/diario\/wp-content\/uploads\/2017\/12\/Ale-Pertu-.jpg 960w, https:\/\/armstrongyregion.com.ar\/diario\/wp-content\/uploads\/2017\/12\/Ale-Pertu--300x225.jpg 300w\" sizes=\"auto, (max-width: 960px) 100vw, 960px\" \/><\/a>El pasado lunes, a las 21,30hs se llev\u00f3 a cabo en el Concejo Deliberante de Armstrong la asunci\u00f3n del Concejal Alejandro Pertusati, quien ocupa  el cargo debido a la renuncia de la concejal Daniela P\u00e9rez, la cual  tom\u00f3 el cargo en el ejecutivo como Secretaria de Gobierno.<br \/>\nEn un breve acto el Presidente del Concejo Dr. Augusto Fischer, le tom\u00f3 Juramento a Alejandro Pertusati. El recinto estuvo colmado de familiares, amigos y militancia quienes acompa\u00f1aron al nuevo concejal en este importante momento.<\/p>\n","protected":false},"excerpt":{"rendered":"<p>El pasado lunes, a las 21,30hs se llev\u00f3 a cabo en el Concejo Deliberante de Armstrong la asunci\u00f3n del Concejal Alejandro Pertusati, quien ocupa el cargo debido a la renuncia de la concejal Daniela P\u00e9rez, la cual tom\u00f3 el cargo en el ejecutivo como Secretaria de Gobierno. En un breve acto el Presidente del Concejo <a href=\"https:\/\/armstrongyregion.com.ar\/diario\/alejandro-pertusati-asumio-al-cargo-de-concejal-en-reemplazo-de-daniela-perez\/\" title=\"Read more\" >&#8230;<\/a><\/p>\n","protected":false},"author":1,"featured_media":15571,"comment_status":"open","ping_status":"open","sticky":false,"template":"","format":"standard","meta":{"_jetpack_memberships_contains_paid_content":false,"footnotes":"","jetpack_publicize_message":"","jetpack_publicize_feature_enabled":true,"jetpack_social_post_already_shared":false,"jetpack_social_options":{"image_generator_settings":{"template":"highway","default_image_id":0,"enabled":false},"version":2}},"categories":[8,1,2,3],"tags":[6222],"class_list":["post-15570","post","type-post","status-publish","format-standard","has-post-thumbnail","hentry","category-deliberando","category-diario-armstrong","category-locales","category-region","tag-alejandro-pertusati-asumio-al-cargo-de-concejal-en-reemplazo-de-daniela-perez"],"jetpack_publicize_connections":[],"jetpack_featured_media_url":"https:\/\/armstrongyregion.com.ar\/diario\/wp-content\/uploads\/2017\/12\/Ale-Pertu-.jpg","jetpack_shortlink":"https:\/\/wp.me\/p62QDO-438","jetpack_sharing_enabled":true,"amp_enabled":true,"_links":{"self":[{"href":"https:\/\/armstrongyregion.com.ar\/diario\/wp-json\/wp\/v2\/posts\/15570","targetHints":{"allow":["GET"]}}],"collection":[{"href":"https:\/\/armstrongyregion.com.ar\/diario\/wp-json\/wp\/v2\/posts"}],"about":[{"href":"https:\/\/armstrongyregion.com.ar\/diario\/wp-json\/wp\/v2\/types\/post"}],"author":[{"embeddable":true,"href":"https:\/\/armstrongyregion.com.ar\/diario\/wp-json\/wp\/v2\/users\/1"}],"replies":[{"embeddable":true,"href":"https:\/\/armstrongyregion.com.ar\/diario\/wp-json\/wp\/v2\/comments?post=15570"}],"version-history":[{"count":0,"href":"https:\/\/armstrongyregion.com.ar\/diario\/wp-json\/wp\/v2\/posts\/15570\/revisions"}],"wp:featuredmedia":[{"embeddable":true,"href":"https:\/\/armstrongyregion.com.ar\/diario\/wp-json\/wp\/v2\/media\/15571"}],"wp:attachment":[{"href":"https:\/\/armstrongyregion.com.ar\/diario\/wp-json\/wp\/v2\/media?parent=15570"}],"wp:term":[{"taxonomy":"category","embeddable":true,"href":"https:\/\/armstrongyregion.com.ar\/diario\/wp-json\/wp\/v2\/categories?post=15570"},{"taxonomy":"post_tag","embeddable":true,"href":"https:\/\/armstrongyregion.com.ar\/diario\/wp-json\/wp\/v2\/tags?post=15570"}],"curies":[{"name":"wp","href":"https:\/\/api.w.org\/{rel}","templated":true}]}}