{"id":15525,"date":"2017-12-10T15:58:26","date_gmt":"2017-12-10T15:58:26","guid":{"rendered":"https:\/\/armstrongyregion.com.ar\/diario\/?p=15525"},"modified":"2017-12-10T15:58:26","modified_gmt":"2017-12-10T15:58:26","slug":"armstrong-juraron-los-nuevos-concejales-elegidos-en-octubre","status":"publish","type":"post","link":"https:\/\/armstrongyregion.com.ar\/diario\/armstrong-juraron-los-nuevos-concejales-elegidos-en-octubre\/","title":{"rendered":"Armstrong. Juraron los nuevos concejales elegidos en octubre."},"content":{"rendered":"<p><a href=\"http:\/\/armstrongyregion.com.ar\/diario\/wp-content\/uploads\/2017\/12\/Juramento-Concejales-.jpg\"><img loading=\"lazy\" decoding=\"async\" src=\"http:\/\/armstrongyregion.com.ar\/diario\/wp-content\/uploads\/2017\/12\/Juramento-Concejales-.jpg\" alt=\"Juramento-Concejales-\" width=\"768\" height=\"451\" class=\"alignnone size-full wp-image-15526\" srcset=\"https:\/\/armstrongyregion.com.ar\/diario\/wp-content\/uploads\/2017\/12\/Juramento-Concejales-.jpg 768w, https:\/\/armstrongyregion.com.ar\/diario\/wp-content\/uploads\/2017\/12\/Juramento-Concejales--300x176.jpg 300w\" sizes=\"auto, (max-width: 768px) 100vw, 768px\" \/><\/a>El acto de asunci\u00f3n fue en el Sal\u00f3n Delmo Dar\u00f3. La presidencia cambio de color pol\u00edtico, en el periodo 2018 presidir\u00e1 el legislativo el Dr. Augusto Fischer, Vicepresidente 1\u00b0 Carlos Cuffia y Vicepresidente 2do Emiliano Gramigna. Tambi\u00e9n quedaron compuestas las distribuciones de las comisiones.<br \/>\nUno de los actos m\u00e1s importantes del sistema democr\u00e1tico se llev\u00f3 a cabo en la tarde de este s\u00e1bado como es la sesi\u00f3n preparatoria y la asunci\u00f3n de los nuevos concejales que fueron elegidos en las \u00faltimas elecciones legislativas y que se integraron  al Concejo Deliberante Armstronense.<br \/>\nFamiliares, ex concejales, simpatizantes de los partidos pol\u00edticos que monopolizan el cuerpo legislativo, se acomodaron para presenciar una sesi\u00f3n que transcurri\u00f3 con total normalidad y de un desarrollo \u00e1gil.<br \/>\nLos concejales mandato cumplido no dieron palabras de despedida al auditorio, ellos son Adrian Marozzi, (F.P.C.yS.) Beatr\u00edz Di Paolo (F.P.C.yS.) y Leonardo Rostagno (Partido Justicialista).<br \/>\nSeguidamente  Daniela P\u00e9rez (Presidenta Provisional) tom\u00f3 juramento a los concejales ingresantes: Carlos Cuffia, (F.P.C.y S.), Guillermo Marconi (Partido Justicialista), y Jes\u00fas Urqu\u00eda (Renovaci\u00f3n por Armstrong).<br \/>\nEl intendente Dr. Pablo Verdecchia, llamo al legislativo a trabajar en conjunto, en comuni\u00f3n por y para los ciudadanos de Armstrong, sin distinci\u00f3n pol\u00edtica. <\/p>\n","protected":false},"excerpt":{"rendered":"<p>El acto de asunci\u00f3n fue en el Sal\u00f3n Delmo Dar\u00f3. La presidencia cambio de color pol\u00edtico, en el periodo 2018 presidir\u00e1 el legislativo el Dr. Augusto Fischer, Vicepresidente 1\u00b0 Carlos Cuffia y Vicepresidente 2do Emiliano Gramigna. Tambi\u00e9n quedaron compuestas las distribuciones de las comisiones. Uno de los actos m\u00e1s importantes del sistema democr\u00e1tico se llev\u00f3 <a href=\"https:\/\/armstrongyregion.com.ar\/diario\/armstrong-juraron-los-nuevos-concejales-elegidos-en-octubre\/\" title=\"Read more\" >&#8230;<\/a><\/p>\n","protected":false},"author":1,"featured_media":15526,"comment_status":"open","ping_status":"open","sticky":false,"template":"","format":"standard","meta":{"_jetpack_memberships_contains_paid_content":false,"footnotes":"","jetpack_publicize_message":"","jetpack_publicize_feature_enabled":true,"jetpack_social_post_already_shared":false,"jetpack_social_options":{"image_generator_settings":{"template":"highway","default_image_id":0,"enabled":false},"version":2}},"categories":[8,1,2,7],"tags":[6211],"class_list":["post-15525","post","type-post","status-publish","format-standard","has-post-thumbnail","hentry","category-deliberando","category-diario-armstrong","category-locales","category-politica","tag-armstrong-juraron-los-nuevos-concejales-elegidos-en-octubre"],"jetpack_publicize_connections":[],"jetpack_featured_media_url":"https:\/\/armstrongyregion.com.ar\/diario\/wp-content\/uploads\/2017\/12\/Juramento-Concejales-.jpg","jetpack_shortlink":"https:\/\/wp.me\/p62QDO-42p","jetpack_sharing_enabled":true,"amp_enabled":true,"_links":{"self":[{"href":"https:\/\/armstrongyregion.com.ar\/diario\/wp-json\/wp\/v2\/posts\/15525","targetHints":{"allow":["GET"]}}],"collection":[{"href":"https:\/\/armstrongyregion.com.ar\/diario\/wp-json\/wp\/v2\/posts"}],"about":[{"href":"https:\/\/armstrongyregion.com.ar\/diario\/wp-json\/wp\/v2\/types\/post"}],"author":[{"embeddable":true,"href":"https:\/\/armstrongyregion.com.ar\/diario\/wp-json\/wp\/v2\/users\/1"}],"replies":[{"embeddable":true,"href":"https:\/\/armstrongyregion.com.ar\/diario\/wp-json\/wp\/v2\/comments?post=15525"}],"version-history":[{"count":0,"href":"https:\/\/armstrongyregion.com.ar\/diario\/wp-json\/wp\/v2\/posts\/15525\/revisions"}],"wp:featuredmedia":[{"embeddable":true,"href":"https:\/\/armstrongyregion.com.ar\/diario\/wp-json\/wp\/v2\/media\/15526"}],"wp:attachment":[{"href":"https:\/\/armstrongyregion.com.ar\/diario\/wp-json\/wp\/v2\/media?parent=15525"}],"wp:term":[{"taxonomy":"category","embeddable":true,"href":"https:\/\/armstrongyregion.com.ar\/diario\/wp-json\/wp\/v2\/categories?post=15525"},{"taxonomy":"post_tag","embeddable":true,"href":"https:\/\/armstrongyregion.com.ar\/diario\/wp-json\/wp\/v2\/tags?post=15525"}],"curies":[{"name":"wp","href":"https:\/\/api.w.org\/{rel}","templated":true}]}}