{"id":15519,"date":"2017-12-09T15:18:49","date_gmt":"2017-12-09T15:18:49","guid":{"rendered":"https:\/\/armstrongyregion.com.ar\/diario\/?p=15519"},"modified":"2017-12-09T15:18:49","modified_gmt":"2017-12-09T15:18:49","slug":"el-encendido-del-arbol-navideno-frente-a-plaza-flotron-convoco-a-grandes-y-chicos","status":"publish","type":"post","link":"https:\/\/armstrongyregion.com.ar\/diario\/el-encendido-del-arbol-navideno-frente-a-plaza-flotron-convoco-a-grandes-y-chicos\/","title":{"rendered":"El encendido del \u00e1rbol navide\u00f1o frente a Plaza Flotron convoc\u00f3 a grandes y chicos."},"content":{"rendered":"<p><a href=\"http:\/\/armstrongyregion.com.ar\/diario\/wp-content\/uploads\/2017\/12\/arbol-2017-1-.jpg\"><img loading=\"lazy\" decoding=\"async\" src=\"http:\/\/armstrongyregion.com.ar\/diario\/wp-content\/uploads\/2017\/12\/arbol-2017-1-.jpg\" alt=\"arbol-2017-1-\" width=\"960\" height=\"720\" class=\"alignnone size-full wp-image-15520\" srcset=\"https:\/\/armstrongyregion.com.ar\/diario\/wp-content\/uploads\/2017\/12\/arbol-2017-1-.jpg 960w, https:\/\/armstrongyregion.com.ar\/diario\/wp-content\/uploads\/2017\/12\/arbol-2017-1--300x225.jpg 300w\" sizes=\"auto, (max-width: 960px) 100vw, 960px\" \/><\/a>El pasado 8 de diciembre, d\u00eda de la Virgen Mar\u00eda, a las 20hs much\u00edsimas personas se acercaron a ver las luces del arbolito navide\u00f1o p\u00fablico. Estuvieron presentes el intendente local Dr. Pablo Verdecchia, funcionarios municipales e integrantes del Departamento de la Juventud junto a familias armstronenses integradas por grandes y chicos, donde este feriado que le dio inicio al fin de semana largo superando  las expectativas con un \u00e1rbol c\u00e1lido y luminoso.<br \/>\n<a href=\"http:\/\/armstrongyregion.com.ar\/diario\/wp-content\/uploads\/2017\/12\/arbol-2017.jpg\"><img loading=\"lazy\" decoding=\"async\" src=\"http:\/\/armstrongyregion.com.ar\/diario\/wp-content\/uploads\/2017\/12\/arbol-2017.jpg\" alt=\"arbol-2017\" width=\"720\" height=\"960\" class=\"alignnone size-full wp-image-15521\" srcset=\"https:\/\/armstrongyregion.com.ar\/diario\/wp-content\/uploads\/2017\/12\/arbol-2017.jpg 720w, https:\/\/armstrongyregion.com.ar\/diario\/wp-content\/uploads\/2017\/12\/arbol-2017-225x300.jpg 225w\" sizes=\"auto, (max-width: 720px) 100vw, 720px\" \/><\/a>El \u00e1rbol navide\u00f1o armstronense cuenta con m\u00e1s de mil luces led, la construcci\u00f3n e instalaci\u00f3n del mismo ha sido un trabajo en conjunto de municipio y Cooperativa el\u00e9ctrica.<br \/>\nEl 8 de diciembre de 1854 P\u00edo IX estableci\u00f3 que Mar\u00eda \u201cpor privilegio \u00fanico, fue preservada de la mancha original desde el primer instante de su concepci\u00f3n\u201d. Por ese motivo, la fecha fue declarada como el D\u00eda de la Virgen Inmaculada Concepci\u00f3n. Es una costumbre muy difundida que ese d\u00eda se arme el \u00e1rbol navide\u00f1o.<br \/>\nLas costumbres de armar el Pesebre y el \u00e1rbol realzan el significado de la Navidad, es un momento especial para transmitir mensajes de amor, esperanza, solidaridad. La Navidad tambi\u00e9n es lo que cada uno con sus intenciones hace de ella, y si las intenciones nacen del coraz\u00f3n van directo a tocar otros corazones.<\/p>\n","protected":false},"excerpt":{"rendered":"<p>El pasado 8 de diciembre, d\u00eda de la Virgen Mar\u00eda, a las 20hs much\u00edsimas personas se acercaron a ver las luces del arbolito navide\u00f1o p\u00fablico. Estuvieron presentes el intendente local Dr. Pablo Verdecchia, funcionarios municipales e integrantes del Departamento de la Juventud junto a familias armstronenses integradas por grandes y chicos, donde este feriado que <a href=\"https:\/\/armstrongyregion.com.ar\/diario\/el-encendido-del-arbol-navideno-frente-a-plaza-flotron-convoco-a-grandes-y-chicos\/\" title=\"Read more\" >&#8230;<\/a><\/p>\n","protected":false},"author":1,"featured_media":15520,"comment_status":"open","ping_status":"open","sticky":false,"template":"","format":"standard","meta":{"_jetpack_memberships_contains_paid_content":false,"footnotes":"","jetpack_publicize_message":"","jetpack_publicize_feature_enabled":true,"jetpack_social_post_already_shared":false,"jetpack_social_options":{"image_generator_settings":{"template":"highway","default_image_id":0,"enabled":false},"version":2}},"categories":[6,1,2,3],"tags":[6210],"class_list":["post-15519","post","type-post","status-publish","format-standard","has-post-thumbnail","hentry","category-cultura-entretenimiento","category-diario-armstrong","category-locales","category-region","tag-el-encendido-del-arbol-navideno-frente-a-plaza-flotron-convoco-a-grandes-y-chicos"],"jetpack_publicize_connections":[],"jetpack_featured_media_url":"https:\/\/armstrongyregion.com.ar\/diario\/wp-content\/uploads\/2017\/12\/arbol-2017-1-.jpg","jetpack_shortlink":"https:\/\/wp.me\/p62QDO-42j","jetpack_sharing_enabled":true,"amp_enabled":true,"_links":{"self":[{"href":"https:\/\/armstrongyregion.com.ar\/diario\/wp-json\/wp\/v2\/posts\/15519","targetHints":{"allow":["GET"]}}],"collection":[{"href":"https:\/\/armstrongyregion.com.ar\/diario\/wp-json\/wp\/v2\/posts"}],"about":[{"href":"https:\/\/armstrongyregion.com.ar\/diario\/wp-json\/wp\/v2\/types\/post"}],"author":[{"embeddable":true,"href":"https:\/\/armstrongyregion.com.ar\/diario\/wp-json\/wp\/v2\/users\/1"}],"replies":[{"embeddable":true,"href":"https:\/\/armstrongyregion.com.ar\/diario\/wp-json\/wp\/v2\/comments?post=15519"}],"version-history":[{"count":0,"href":"https:\/\/armstrongyregion.com.ar\/diario\/wp-json\/wp\/v2\/posts\/15519\/revisions"}],"wp:featuredmedia":[{"embeddable":true,"href":"https:\/\/armstrongyregion.com.ar\/diario\/wp-json\/wp\/v2\/media\/15520"}],"wp:attachment":[{"href":"https:\/\/armstrongyregion.com.ar\/diario\/wp-json\/wp\/v2\/media?parent=15519"}],"wp:term":[{"taxonomy":"category","embeddable":true,"href":"https:\/\/armstrongyregion.com.ar\/diario\/wp-json\/wp\/v2\/categories?post=15519"},{"taxonomy":"post_tag","embeddable":true,"href":"https:\/\/armstrongyregion.com.ar\/diario\/wp-json\/wp\/v2\/tags?post=15519"}],"curies":[{"name":"wp","href":"https:\/\/api.w.org\/{rel}","templated":true}]}}