{"id":15513,"date":"2017-12-07T11:27:17","date_gmt":"2017-12-07T11:27:17","guid":{"rendered":"https:\/\/armstrongyregion.com.ar\/diario\/?p=15513"},"modified":"2017-12-07T11:27:17","modified_gmt":"2017-12-07T11:27:17","slug":"gramigna-el-2017-fue-un-ano-de-mucho-aprendizaje","status":"publish","type":"post","link":"https:\/\/armstrongyregion.com.ar\/diario\/gramigna-el-2017-fue-un-ano-de-mucho-aprendizaje\/","title":{"rendered":"Gramigna: \u201dEl 2017 fue un a\u00f1o de mucho aprendizaje\u201d."},"content":{"rendered":"<p><a href=\"http:\/\/armstrongyregion.com.ar\/diario\/wp-content\/uploads\/2017\/06\/Emiliano-Gramigna2.jpg\"><img loading=\"lazy\" decoding=\"async\" src=\"http:\/\/armstrongyregion.com.ar\/diario\/wp-content\/uploads\/2017\/06\/Emiliano-Gramigna2.jpg\" alt=\"Emiliano-Gramigna\" width=\"768\" height=\"432\" class=\"alignnone size-full wp-image-13542\" srcset=\"https:\/\/armstrongyregion.com.ar\/diario\/wp-content\/uploads\/2017\/06\/Emiliano-Gramigna2.jpg 768w, https:\/\/armstrongyregion.com.ar\/diario\/wp-content\/uploads\/2017\/06\/Emiliano-Gramigna2-300x169.jpg 300w\" sizes=\"auto, (max-width: 768px) 100vw, 768px\" \/><\/a>As\u00ed refiri\u00f3 el Concejal Emiliano Gramigna al hacer un balance sobre lo que fue su a\u00f1o legislativo y su actividad pol\u00edtica. \u201cEn el plano legislativo trabajamos much\u00edsimo junto a mi equipo y presentamos m\u00e1s de 60 proyectos durante todo el a\u00f1o siempre pensando en mejorar la calidad de vida de todos los Armstronenses, por supuesto que nos quedan muchos proyectos pendientes que seguramente vamos a impulsar el a\u00f1o pr\u00f3ximo que viene con m\u00e1s fuerza ya que ahora junto con Jes\u00fas Urquia vamos a tener una voz m\u00e1s de nuestro bloque dentro del Concejo\u201d<br \/>\nEn referencia a la nueva conformaci\u00f3n del Legislativo manifest\u00f3 \u201cva a ser un Concejo participativo, donde nadie cuenta con mayor\u00eda autom\u00e1tica y va a generar muchos consensos que l\u00f3gicamente van a beneficiar a nuestra ciudad, no va a haber palos en la rueda, vamos a fomentar el di\u00e1logo con el intendente y con todas las fuerzas pol\u00edticas\u201d<br \/>\nAl consultarlo sobre su candidatura a Intendente y el balance pol\u00edtico del 2017 expres\u00f3 \u201cMe enfrente a las dos estructuras m\u00e1s grandes que tiene la provincia y con dos candidatos de much\u00edsimo peso, eso no lo hace cualquiera, tuvimos el coraje de defender a capa y espada cada una de nuestras ideas y luego la gente eligi\u00f3, la elecci\u00f3n ya pas\u00f3 y ahora tenemos la enorme responsabilidad de garantizar la gobernabilidad y el di\u00e1logo con todos los sectores de nuestra ciudad\u201d<br \/>\nPara concluir agreg\u00f3 \u201cvamos a seguir siendo una oposici\u00f3n constructiva y propositiva, antes con una banca, ahora con dos\u201d<\/p>\n","protected":false},"excerpt":{"rendered":"<p>As\u00ed refiri\u00f3 el Concejal Emiliano Gramigna al hacer un balance sobre lo que fue su a\u00f1o legislativo y su actividad pol\u00edtica. \u201cEn el plano legislativo trabajamos much\u00edsimo junto a mi equipo y presentamos m\u00e1s de 60 proyectos durante todo el a\u00f1o siempre pensando en mejorar la calidad de vida de todos los Armstronenses, por supuesto <a href=\"https:\/\/armstrongyregion.com.ar\/diario\/gramigna-el-2017-fue-un-ano-de-mucho-aprendizaje\/\" title=\"Read more\" >&#8230;<\/a><\/p>\n","protected":false},"author":1,"featured_media":14109,"comment_status":"open","ping_status":"open","sticky":false,"template":"","format":"standard","meta":{"_jetpack_memberships_contains_paid_content":false,"footnotes":"","jetpack_publicize_message":"","jetpack_publicize_feature_enabled":true,"jetpack_social_post_already_shared":false,"jetpack_social_options":{"image_generator_settings":{"template":"highway","default_image_id":0,"enabled":false},"version":2}},"categories":[8,1,2,7,3],"tags":[6207],"class_list":["post-15513","post","type-post","status-publish","format-standard","has-post-thumbnail","hentry","category-deliberando","category-diario-armstrong","category-locales","category-politica","category-region","tag-gramigna-el-2017-fue-un-ano-de-mucho-aprendizaje"],"jetpack_publicize_connections":[],"jetpack_featured_media_url":"https:\/\/armstrongyregion.com.ar\/diario\/wp-content\/uploads\/2017\/08\/Gramigna-Urquia-.jpg","jetpack_shortlink":"https:\/\/wp.me\/p62QDO-42d","jetpack_sharing_enabled":true,"amp_enabled":true,"_links":{"self":[{"href":"https:\/\/armstrongyregion.com.ar\/diario\/wp-json\/wp\/v2\/posts\/15513","targetHints":{"allow":["GET"]}}],"collection":[{"href":"https:\/\/armstrongyregion.com.ar\/diario\/wp-json\/wp\/v2\/posts"}],"about":[{"href":"https:\/\/armstrongyregion.com.ar\/diario\/wp-json\/wp\/v2\/types\/post"}],"author":[{"embeddable":true,"href":"https:\/\/armstrongyregion.com.ar\/diario\/wp-json\/wp\/v2\/users\/1"}],"replies":[{"embeddable":true,"href":"https:\/\/armstrongyregion.com.ar\/diario\/wp-json\/wp\/v2\/comments?post=15513"}],"version-history":[{"count":0,"href":"https:\/\/armstrongyregion.com.ar\/diario\/wp-json\/wp\/v2\/posts\/15513\/revisions"}],"wp:featuredmedia":[{"embeddable":true,"href":"https:\/\/armstrongyregion.com.ar\/diario\/wp-json\/wp\/v2\/media\/14109"}],"wp:attachment":[{"href":"https:\/\/armstrongyregion.com.ar\/diario\/wp-json\/wp\/v2\/media?parent=15513"}],"wp:term":[{"taxonomy":"category","embeddable":true,"href":"https:\/\/armstrongyregion.com.ar\/diario\/wp-json\/wp\/v2\/categories?post=15513"},{"taxonomy":"post_tag","embeddable":true,"href":"https:\/\/armstrongyregion.com.ar\/diario\/wp-json\/wp\/v2\/tags?post=15513"}],"curies":[{"name":"wp","href":"https:\/\/api.w.org\/{rel}","templated":true}]}}