{"id":15504,"date":"2017-12-07T10:52:01","date_gmt":"2017-12-07T10:52:01","guid":{"rendered":"https:\/\/armstrongyregion.com.ar\/diario\/?p=15504"},"modified":"2017-12-07T10:52:01","modified_gmt":"2017-12-07T10:52:01","slug":"convocatoria-a-lanzamiento-del-concurso-literario-de-ana-frank-a-nuestros-dias-para-el-departamento-iriondo","status":"publish","type":"post","link":"https:\/\/armstrongyregion.com.ar\/diario\/convocatoria-a-lanzamiento-del-concurso-literario-de-ana-frank-a-nuestros-dias-para-el-departamento-iriondo\/","title":{"rendered":"Convocatoria a Lanzamiento del Concurso Literario \u201cDe Ana Frank a Nuestros D\u00edas\u201d para el departamento Iriondo."},"content":{"rendered":"<p><a href=\"http:\/\/armstrongyregion.com.ar\/diario\/wp-content\/uploads\/2017\/12\/Ana-Frank-.jpg\"><img loading=\"lazy\" decoding=\"async\" src=\"http:\/\/armstrongyregion.com.ar\/diario\/wp-content\/uploads\/2017\/12\/Ana-Frank-.jpg\" alt=\"Ana-Frank-\" width=\"768\" height=\"447\" class=\"alignnone size-full wp-image-15505\" srcset=\"https:\/\/armstrongyregion.com.ar\/diario\/wp-content\/uploads\/2017\/12\/Ana-Frank-.jpg 768w, https:\/\/armstrongyregion.com.ar\/diario\/wp-content\/uploads\/2017\/12\/Ana-Frank--300x175.jpg 300w\" sizes=\"auto, (max-width: 768px) 100vw, 768px\" \/><\/a>Queremos contarles que desde el a\u00f1o 2013, el Senador Departamental Hugo Rasetto junto a la Casa del Senado del Departamento Iriondo, realiza diferentes proyectos en conjunto con la Casa de Ana Frank Argentina, situada en Buenos Aires. La Casa de Ana Frank es una organizaci\u00f3n independiente encargada de preservar la Casa de Atr\u00e1s, el lugar donde Ana Frank estuvo escondida durante la Segunda Guerra Mundial y donde escribi\u00f3 su diario. El recuerdo de Ana Frank intenta ser una fuente de inspiraci\u00f3n para motivar a todas las personas a reflexionar sobre los peligros del antisemitismo, el racismo y la discriminaci\u00f3n, as\u00ed como la importancia de la libertad, la igualdad de derechos y la democracia.<\/p>\n<p>Es por eso que el Senador Departamental Hugo Rasetto junto al Director de la Casa Ana Frank Argentina, Hector Shalom, invitan a ustedes el pr\u00f3ximo Lunes 11 de diciembre a las 10.30hs en la Casa del Senado (San Martin 469) de Ca\u00f1ada de G\u00f3mez, al lanzamiento del Concurso Literario que se llevar\u00e1 a cabo en el mes de marzo del 2018.<\/p>\n<p>En esta oportunidad estamos lanzando el Concurso Literario en nuestro Departamento, que se desarrolla en paralelo al Concurso general \u00abDe Ana Frank a nuestros d\u00edas\u00bb organizado desde Buenos Aires. La particularidad es que se premiar\u00e1 en este caso a tres personas, dos j\u00f3venes y un docente de nuestro departamento a trav\u00e9s de nuestro propio concurso.<\/p>\n<p>Les contamos en qu\u00e9 consiste la propuesta: Este certamen es una invitaci\u00f3n a los j\u00f3venes y docentes a expresarse a trav\u00e9s de la escritura literaria, incentiv\u00e1ndolos a plasmar sus emociones y pensamientos respecto de la historia y a su vez de la actualidad.<\/p>\n<p>El certamen est\u00e1 organizado en 3 categor\u00edas:<br \/>\n\u2022 Categor\u00eda 1: J\u00f3venes entre los 13 hasta  los 18 a\u00f1os, cumplidos al 31 de diciembre de 2017.<br \/>\n\u2022 Categor\u00eda 2: Gu\u00edas de las muestras itinerantes del Centro Ana Frank en el Departamento Iriondo<br \/>\n\u2022 Categor\u00eda 3: Docentes de todos los niveles<\/p>\n<p>La propuesta es escribir un texto literario, ensayo, cuento, diario, carta, entre otros formatos posibles, en torno a Ana Frank, el nazismo, la \u00faltima dictadura militar en Argentina, los Derechos Humanos, la diversidad y la convivencia en la actualidad. Cada uno puede elegir libremente sobre qu\u00e9 escribir. Los trabajos se presentan con seud\u00f3nimo. Un prestigioso jurado eval\u00faa los trabajos. Los ganadores, adem\u00e1s de ser reconocidos en un acto, con diplomas y presentes,  estar\u00e1n habilitados a participar de la segunda instancia, que ser\u00e1 el Concurso de Proyectos \u00abInclusi\u00f3n social y construcci\u00f3n de convivencia en el aula\u00bb. Este invita a escribir un proyecto educativo para intervenir en la realidad a partir de la identificaci\u00f3n de problemas en su entorno. Un seminario de formaci\u00f3n se ofrece a los j\u00f3venes y docentes ganadores, para poder escribir sus proyectos con m\u00e1s recursos.  <\/p>\n<p>Finalmente, y tras coloquios, en que cada ganador seleccionado presenta su trabajo, se definir\u00e1n 3 ganadores (dos alumnos y un docente) del viaje a Holanda, dentro del programa \u00ab\u00c1msterdam desde la mirada de Ana Frank\u00bb, en julio de 2018, junto con el resto de la delegaci\u00f3n, es decir, ganadores de los concursos de otras provincias y del concurso general organizado desde Buenos Aires.<\/p>\n","protected":false},"excerpt":{"rendered":"<p>Queremos contarles que desde el a\u00f1o 2013, el Senador Departamental Hugo Rasetto junto a la Casa del Senado del Departamento Iriondo, realiza diferentes proyectos en conjunto con la Casa de Ana Frank Argentina, situada en Buenos Aires. La Casa de Ana Frank es una organizaci\u00f3n independiente encargada de preservar la Casa de Atr\u00e1s, el lugar <a href=\"https:\/\/armstrongyregion.com.ar\/diario\/convocatoria-a-lanzamiento-del-concurso-literario-de-ana-frank-a-nuestros-dias-para-el-departamento-iriondo\/\" title=\"Read more\" >&#8230;<\/a><\/p>\n","protected":false},"author":1,"featured_media":15505,"comment_status":"open","ping_status":"open","sticky":false,"template":"","format":"standard","meta":{"_jetpack_memberships_contains_paid_content":false,"footnotes":"","jetpack_publicize_message":"","jetpack_publicize_feature_enabled":true,"jetpack_social_post_already_shared":false,"jetpack_social_options":{"image_generator_settings":{"template":"highway","default_image_id":0,"enabled":false},"version":2}},"categories":[6,1,7,3],"tags":[6204],"class_list":["post-15504","post","type-post","status-publish","format-standard","has-post-thumbnail","hentry","category-cultura-entretenimiento","category-diario-armstrong","category-politica","category-region","tag-convocatoria-a-lanzamiento-del-concurso-literario-de-ana-frank-a-nuestros-dias-para-el-departamento-iriondo"],"jetpack_publicize_connections":[],"jetpack_featured_media_url":"https:\/\/armstrongyregion.com.ar\/diario\/wp-content\/uploads\/2017\/12\/Ana-Frank-.jpg","jetpack_shortlink":"https:\/\/wp.me\/p62QDO-424","jetpack_sharing_enabled":true,"amp_enabled":true,"_links":{"self":[{"href":"https:\/\/armstrongyregion.com.ar\/diario\/wp-json\/wp\/v2\/posts\/15504","targetHints":{"allow":["GET"]}}],"collection":[{"href":"https:\/\/armstrongyregion.com.ar\/diario\/wp-json\/wp\/v2\/posts"}],"about":[{"href":"https:\/\/armstrongyregion.com.ar\/diario\/wp-json\/wp\/v2\/types\/post"}],"author":[{"embeddable":true,"href":"https:\/\/armstrongyregion.com.ar\/diario\/wp-json\/wp\/v2\/users\/1"}],"replies":[{"embeddable":true,"href":"https:\/\/armstrongyregion.com.ar\/diario\/wp-json\/wp\/v2\/comments?post=15504"}],"version-history":[{"count":0,"href":"https:\/\/armstrongyregion.com.ar\/diario\/wp-json\/wp\/v2\/posts\/15504\/revisions"}],"wp:featuredmedia":[{"embeddable":true,"href":"https:\/\/armstrongyregion.com.ar\/diario\/wp-json\/wp\/v2\/media\/15505"}],"wp:attachment":[{"href":"https:\/\/armstrongyregion.com.ar\/diario\/wp-json\/wp\/v2\/media?parent=15504"}],"wp:term":[{"taxonomy":"category","embeddable":true,"href":"https:\/\/armstrongyregion.com.ar\/diario\/wp-json\/wp\/v2\/categories?post=15504"},{"taxonomy":"post_tag","embeddable":true,"href":"https:\/\/armstrongyregion.com.ar\/diario\/wp-json\/wp\/v2\/tags?post=15504"}],"curies":[{"name":"wp","href":"https:\/\/api.w.org\/{rel}","templated":true}]}}