{"id":15477,"date":"2017-12-05T12:22:07","date_gmt":"2017-12-05T12:22:07","guid":{"rendered":"https:\/\/armstrongyregion.com.ar\/diario\/?p=15477"},"modified":"2017-12-05T12:22:07","modified_gmt":"2017-12-05T12:22:07","slug":"deliberando-epoca-de-balances-hoy-un-diputado-y-un-senador","status":"publish","type":"post","link":"https:\/\/armstrongyregion.com.ar\/diario\/deliberando-epoca-de-balances-hoy-un-diputado-y-un-senador\/","title":{"rendered":"Deliberando: \u00c9poca de Balances hoy  un Diputado y un Senador."},"content":{"rendered":"<p><a href=\"http:\/\/armstrongyregion.com.ar\/diario\/wp-content\/uploads\/2017\/12\/DSC_0041.jpg\"><img loading=\"lazy\" decoding=\"async\" src=\"http:\/\/armstrongyregion.com.ar\/diario\/wp-content\/uploads\/2017\/12\/DSC_0041-1024x683.jpg\" alt=\"Miguel-Solis-17-\" width=\"800\" height=\"534\" class=\"alignnone size-large wp-image-15478\" srcset=\"https:\/\/armstrongyregion.com.ar\/diario\/wp-content\/uploads\/2017\/12\/DSC_0041-1024x683.jpg 1024w, https:\/\/armstrongyregion.com.ar\/diario\/wp-content\/uploads\/2017\/12\/DSC_0041-300x200.jpg 300w\" sizes=\"auto, (max-width: 800px) 100vw, 800px\" \/><\/a>Hoy en Deliberando, el Diputado Provincial Miguel Sol\u00eds hara un balance de lo que ha sido su labor en la c\u00e1mara, leyes de su autor\u00eda y  opini\u00f3n sobre la reforma laboral.<br \/>\n<a href=\"http:\/\/armstrongyregion.com.ar\/diario\/wp-content\/uploads\/2017\/12\/DSC_0045.jpg\"><img loading=\"lazy\" decoding=\"async\" src=\"http:\/\/armstrongyregion.com.ar\/diario\/wp-content\/uploads\/2017\/12\/DSC_0045-1024x683.jpg\" alt=\"Guillermo-Cornaglia-\" width=\"800\" height=\"534\" class=\"alignnone size-large wp-image-15479\" srcset=\"https:\/\/armstrongyregion.com.ar\/diario\/wp-content\/uploads\/2017\/12\/DSC_0045-1024x683.jpg 1024w, https:\/\/armstrongyregion.com.ar\/diario\/wp-content\/uploads\/2017\/12\/DSC_0045-300x200.jpg 300w\" sizes=\"auto, (max-width: 800px) 100vw, 800px\" \/><\/a>Luego compartiremos dos bloques con el Senador del Dto Belgrano Guillermo Cornaglia, quien har\u00e1 un balance de lo realizado durante el 2017, relaciones institucionales, pol\u00edticas y proyectos a futuro.<br \/>\nMartes 21hs por Cable Imagen Armstrong. Conducci\u00f3n Graciela De la Casa- Ezequiel Piccoli- Oscar Crispino.<\/p>\n","protected":false},"excerpt":{"rendered":"<p>Hoy en Deliberando, el Diputado Provincial Miguel Sol\u00eds hara un balance de lo que ha sido su labor en la c\u00e1mara, leyes de su autor\u00eda y opini\u00f3n sobre la reforma laboral. Luego compartiremos dos bloques con el Senador del Dto Belgrano Guillermo Cornaglia, quien har\u00e1 un balance de lo realizado durante el 2017, relaciones institucionales, <a href=\"https:\/\/armstrongyregion.com.ar\/diario\/deliberando-epoca-de-balances-hoy-un-diputado-y-un-senador\/\" title=\"Read more\" >&#8230;<\/a><\/p>\n","protected":false},"author":1,"featured_media":15478,"comment_status":"open","ping_status":"open","sticky":false,"template":"","format":"standard","meta":{"_jetpack_memberships_contains_paid_content":false,"footnotes":"","jetpack_publicize_message":"","jetpack_publicize_feature_enabled":true,"jetpack_social_post_already_shared":false,"jetpack_social_options":{"image_generator_settings":{"template":"highway","default_image_id":0,"enabled":false},"version":2}},"categories":[8,1,2,7,3],"tags":[6197],"class_list":["post-15477","post","type-post","status-publish","format-standard","has-post-thumbnail","hentry","category-deliberando","category-diario-armstrong","category-locales","category-politica","category-region","tag-deliberando-epoca-de-balances-hoy-un-diputado-y-un-senador"],"jetpack_publicize_connections":[],"jetpack_featured_media_url":"https:\/\/armstrongyregion.com.ar\/diario\/wp-content\/uploads\/2017\/12\/DSC_0041.jpg","jetpack_shortlink":"https:\/\/wp.me\/p62QDO-41D","jetpack_sharing_enabled":true,"amp_enabled":true,"_links":{"self":[{"href":"https:\/\/armstrongyregion.com.ar\/diario\/wp-json\/wp\/v2\/posts\/15477","targetHints":{"allow":["GET"]}}],"collection":[{"href":"https:\/\/armstrongyregion.com.ar\/diario\/wp-json\/wp\/v2\/posts"}],"about":[{"href":"https:\/\/armstrongyregion.com.ar\/diario\/wp-json\/wp\/v2\/types\/post"}],"author":[{"embeddable":true,"href":"https:\/\/armstrongyregion.com.ar\/diario\/wp-json\/wp\/v2\/users\/1"}],"replies":[{"embeddable":true,"href":"https:\/\/armstrongyregion.com.ar\/diario\/wp-json\/wp\/v2\/comments?post=15477"}],"version-history":[{"count":0,"href":"https:\/\/armstrongyregion.com.ar\/diario\/wp-json\/wp\/v2\/posts\/15477\/revisions"}],"wp:featuredmedia":[{"embeddable":true,"href":"https:\/\/armstrongyregion.com.ar\/diario\/wp-json\/wp\/v2\/media\/15478"}],"wp:attachment":[{"href":"https:\/\/armstrongyregion.com.ar\/diario\/wp-json\/wp\/v2\/media?parent=15477"}],"wp:term":[{"taxonomy":"category","embeddable":true,"href":"https:\/\/armstrongyregion.com.ar\/diario\/wp-json\/wp\/v2\/categories?post=15477"},{"taxonomy":"post_tag","embeddable":true,"href":"https:\/\/armstrongyregion.com.ar\/diario\/wp-json\/wp\/v2\/tags?post=15477"}],"curies":[{"name":"wp","href":"https:\/\/api.w.org\/{rel}","templated":true}]}}