{"id":15471,"date":"2017-12-05T11:37:10","date_gmt":"2017-12-05T11:37:10","guid":{"rendered":"https:\/\/armstrongyregion.com.ar\/diario\/?p=15471"},"modified":"2017-12-05T11:37:10","modified_gmt":"2017-12-05T11:37:10","slug":"taller-para-profesionales-y-empresas-pymes-en-casa-del-senado","status":"publish","type":"post","link":"https:\/\/armstrongyregion.com.ar\/diario\/taller-para-profesionales-y-empresas-pymes-en-casa-del-senado\/","title":{"rendered":"Taller para profesionales y empresas PyMEs en Casa del Senado."},"content":{"rendered":"<p><a href=\"http:\/\/armstrongyregion.com.ar\/diario\/wp-content\/uploads\/2017\/12\/casa-senado-.jpg\"><img loading=\"lazy\" decoding=\"async\" src=\"http:\/\/armstrongyregion.com.ar\/diario\/wp-content\/uploads\/2017\/12\/casa-senado-.jpg\" alt=\"casa-senado-\" width=\"768\" height=\"576\" class=\"alignnone size-full wp-image-15472\" srcset=\"https:\/\/armstrongyregion.com.ar\/diario\/wp-content\/uploads\/2017\/12\/casa-senado-.jpg 768w, https:\/\/armstrongyregion.com.ar\/diario\/wp-content\/uploads\/2017\/12\/casa-senado--300x225.jpg 300w\" sizes=\"auto, (max-width: 768px) 100vw, 768px\" \/><\/a>La Senadur\u00eda Iriondo y Fundaco brindar\u00e1n un taller gratuito sobre \u201cIntroducci\u00f3n a los Costos para una Correcta Toma de Decisiones\u201d, a realizarse el 20 de diciembre de 14 a 17 hs. en la Casa del Senado en Ca\u00f1ada de G\u00f3mez. La inscripci\u00f3n ya se encuentra abierta.<\/p>\n<p>La modalidad de cursado ser\u00e1 de un m\u00f3dulo de 3 horas y estar\u00e1 a cargo de Cristian Spengler, quien adem\u00e1s de ser Contador P\u00fablico Nacional, es especialista en Comercializaci\u00f3n, docente universitario, y consultor y asesor de organismos p\u00fablicos y entidades econ\u00f3micas. <\/p>\n<p>Las tem\u00e1ticas seleccionadas refieren a la adquisici\u00f3n de conceptos fundamentales de contabilidad de costos para la toma de decisiones, las diferencias entre desembolsos, gastos y costos; clasificaci\u00f3n interna de costos y gastos; relaci\u00f3n entre ofertas de ventas y precios, y determinaci\u00f3n de costos de producci\u00f3n.<\/p>\n<p>El taller est\u00e1 destinado a graduados en tecnicaturas de Administraci\u00f3n de Empresas, emprendedores y administradores de empresas PyMEs, y es organizado en forma conjunta por la Casa del Senado y la Fundaci\u00f3n para el Apoyo al Cambio Organizacional (Fundaco).<\/p>\n<p>Los interesados pueden inscribirse en la propia Casa del Senado en Ca\u00f1ada de G\u00f3mez (San Mart\u00edn 469), de lunes a viernes de 9 a 12 hs; telef\u00f3nicamente llamando al 03471-420171 en los mismos d\u00edas y horarios; o v\u00eda correo electr\u00f3nico, escribiendo a la casilla casadelsenado@gmail.com<\/p>\n<p>\u201cIntroducci\u00f3n a los Costos para una Correcta Toma de Decisiones\u201d se realizar\u00e1 en mi\u00e9rcoles 20 de diciembre, de 14 a 17 horas.<\/p>\n","protected":false},"excerpt":{"rendered":"<p>La Senadur\u00eda Iriondo y Fundaco brindar\u00e1n un taller gratuito sobre \u201cIntroducci\u00f3n a los Costos para una Correcta Toma de Decisiones\u201d, a realizarse el 20 de diciembre de 14 a 17 hs. en la Casa del Senado en Ca\u00f1ada de G\u00f3mez. La inscripci\u00f3n ya se encuentra abierta. La modalidad de cursado ser\u00e1 de un m\u00f3dulo de <a href=\"https:\/\/armstrongyregion.com.ar\/diario\/taller-para-profesionales-y-empresas-pymes-en-casa-del-senado\/\" title=\"Read more\" >&#8230;<\/a><\/p>\n","protected":false},"author":1,"featured_media":15472,"comment_status":"open","ping_status":"open","sticky":false,"template":"","format":"standard","meta":{"_jetpack_memberships_contains_paid_content":false,"footnotes":"","jetpack_publicize_message":"","jetpack_publicize_feature_enabled":true,"jetpack_social_post_already_shared":false,"jetpack_social_options":{"image_generator_settings":{"template":"highway","default_image_id":0,"enabled":false},"version":2}},"categories":[6,1,7,3],"tags":[6195],"class_list":["post-15471","post","type-post","status-publish","format-standard","has-post-thumbnail","hentry","category-cultura-entretenimiento","category-diario-armstrong","category-politica","category-region","tag-taller-para-profesionales-y-empresas-pymes-en-casa-del-senado"],"jetpack_publicize_connections":[],"jetpack_featured_media_url":"https:\/\/armstrongyregion.com.ar\/diario\/wp-content\/uploads\/2017\/12\/casa-senado-.jpg","jetpack_shortlink":"https:\/\/wp.me\/p62QDO-41x","jetpack_sharing_enabled":true,"amp_enabled":true,"_links":{"self":[{"href":"https:\/\/armstrongyregion.com.ar\/diario\/wp-json\/wp\/v2\/posts\/15471","targetHints":{"allow":["GET"]}}],"collection":[{"href":"https:\/\/armstrongyregion.com.ar\/diario\/wp-json\/wp\/v2\/posts"}],"about":[{"href":"https:\/\/armstrongyregion.com.ar\/diario\/wp-json\/wp\/v2\/types\/post"}],"author":[{"embeddable":true,"href":"https:\/\/armstrongyregion.com.ar\/diario\/wp-json\/wp\/v2\/users\/1"}],"replies":[{"embeddable":true,"href":"https:\/\/armstrongyregion.com.ar\/diario\/wp-json\/wp\/v2\/comments?post=15471"}],"version-history":[{"count":0,"href":"https:\/\/armstrongyregion.com.ar\/diario\/wp-json\/wp\/v2\/posts\/15471\/revisions"}],"wp:featuredmedia":[{"embeddable":true,"href":"https:\/\/armstrongyregion.com.ar\/diario\/wp-json\/wp\/v2\/media\/15472"}],"wp:attachment":[{"href":"https:\/\/armstrongyregion.com.ar\/diario\/wp-json\/wp\/v2\/media?parent=15471"}],"wp:term":[{"taxonomy":"category","embeddable":true,"href":"https:\/\/armstrongyregion.com.ar\/diario\/wp-json\/wp\/v2\/categories?post=15471"},{"taxonomy":"post_tag","embeddable":true,"href":"https:\/\/armstrongyregion.com.ar\/diario\/wp-json\/wp\/v2\/tags?post=15471"}],"curies":[{"name":"wp","href":"https:\/\/api.w.org\/{rel}","templated":true}]}}