{"id":15456,"date":"2017-12-04T12:07:12","date_gmt":"2017-12-04T12:07:12","guid":{"rendered":"https:\/\/armstrongyregion.com.ar\/diario\/?p=15456"},"modified":"2017-12-04T12:07:12","modified_gmt":"2017-12-04T12:07:12","slug":"santa-fe-se-realiza-este-lunes-4-la-fiesta-de-los-pueblos-2017","status":"publish","type":"post","link":"https:\/\/armstrongyregion.com.ar\/diario\/santa-fe-se-realiza-este-lunes-4-la-fiesta-de-los-pueblos-2017\/","title":{"rendered":"Santa Fe: se realiza este lunes 4 la \u201cFiesta de los Pueblos 2017\u201d."},"content":{"rendered":"<p><a href=\"http:\/\/armstrongyregion.com.ar\/diario\/wp-content\/uploads\/2017\/12\/Giaccone-cierre-.jpg\"><img loading=\"lazy\" decoding=\"async\" src=\"http:\/\/armstrongyregion.com.ar\/diario\/wp-content\/uploads\/2017\/12\/Giaccone-cierre-.jpg\" alt=\"Giaccone-cierre-\" width=\"768\" height=\"420\" class=\"alignnone size-full wp-image-15457\" srcset=\"https:\/\/armstrongyregion.com.ar\/diario\/wp-content\/uploads\/2017\/12\/Giaccone-cierre-.jpg 768w, https:\/\/armstrongyregion.com.ar\/diario\/wp-content\/uploads\/2017\/12\/Giaccone-cierre--300x164.jpg 300w\" sizes=\"auto, (max-width: 768px) 100vw, 768px\" \/><\/a>Organizado por el Ente Cultural Santafesino, el encuentro ser\u00e1 desde las 19 horas en Centro Cultural ATE &#8211; Casa Espa\u00f1a, en la ciudad capital de nuestra provincia.<br \/>\nLa \u201cFiesta de los Pueblos\u201d  es el sitio en donde se encuentra y se muestra a la Santa Fe oculta. El Presidente del Ente Cultural Santafesino Prof. Javier Donetti, en entrevista exclusiva de Claudio Pellegrini para el programa radial \u201c\u00c1mbito C\u201d, defini\u00f3 el evento como \u201cuno de los momentos m\u00e1s importantes del a\u00f1o, donde se disfruta y posibilita el encuentro con el otro. Un momento donde se dimensiona el recorrido y la riqueza de esta herramienta, que funciona y act\u00faa\u201d.<\/p>\n<p>\u201cNos permite visualizar gente de todos los puntos cardinales que llegan haciendo muchos kil\u00f3metros, que se estrechan en un abrazo como as\u00ed tambi\u00e9n en la coincidencia del \u201chacer\u201d, retroaliment\u00e1ndose en este proyecto cultural en com\u00fan\u201d, expresa.<\/p>\n<p>El Ente Cultural Santafesino amplifica cualquier propuesta del rinc\u00f3n m\u00e1s remoto de la provincia. \u00abEl 2017 fue un a\u00f1o sumamente intenso, sinceramente uno no dimensiona lo que es el Ente, cuando lo ve solo desde una parte. Ha crecido much\u00edsimo en este \u00faltimo tiempo, ya somos 120 comunidades y de esta manera comienza a incrementarse la cantidad de actividades en muchas partes, visibiliz\u00e1ndose el potencial de una provincia que generalmente se oculta. Y permitiendo la democratizaci\u00f3n de la cultura, originando la pertenencia y el arraigo desde cada programa cultural, transmut\u00e1ndose y ejecut\u00e1ndose desde la acci\u00f3n, participaci\u00f3n y pluralismo\u00bb, dice. <\/p>\n<p>Donetti, actual Secretario de Cultura y Educaci\u00f3n de Recreo,  afirma que es un trabajo mancomunado que van llevando adelante entre todos, \u201cy como dice nuestra madrina la Diputada Provincial Claudia Giaccone: \u201ces una suma de voluntades que potencia y fortalece a la cultura\u201d\u201d.<\/p>\n<p>\u00abSomos muchos los que trabajamos y estamos convencidos en esta forma de hacer \u201cCultura\u201d. Es por eso que observamos y comprobamos la gran magnitud alcanzada por el Ente Cultural Santafesino, desde la comunidad m\u00e1s peque\u00f1a hasta llegar al eslab\u00f3n de los Directivos que profundizan a nuestra \u201cidentidad\u201d como santafesinos\u00bb, contin\u00faa.<\/p>\n<p>\u00abTodas las propuestas e iniciativas son escuchadas en el trayecto de este camino, muchas veces surgen proyectos que se trasforman en el combustible de fortalecimiento del Plan Anual. Esto es as\u00ed, sin lugar a dudas, porque siempre se est\u00e1 atento a la demanda y necesidades de cada vecino de nuestra provincia, permitiendo un beneficio y enriquecimiento al receptor y al propio gestor cultural\u00bb, concluye.<\/p>\n","protected":false},"excerpt":{"rendered":"<p>Organizado por el Ente Cultural Santafesino, el encuentro ser\u00e1 desde las 19 horas en Centro Cultural ATE &#8211; Casa Espa\u00f1a, en la ciudad capital de nuestra provincia. La \u201cFiesta de los Pueblos\u201d es el sitio en donde se encuentra y se muestra a la Santa Fe oculta. El Presidente del Ente Cultural Santafesino Prof. Javier <a href=\"https:\/\/armstrongyregion.com.ar\/diario\/santa-fe-se-realiza-este-lunes-4-la-fiesta-de-los-pueblos-2017\/\" title=\"Read more\" >&#8230;<\/a><\/p>\n","protected":false},"author":1,"featured_media":15457,"comment_status":"open","ping_status":"open","sticky":false,"template":"","format":"standard","meta":{"_jetpack_memberships_contains_paid_content":false,"footnotes":"","jetpack_publicize_message":"","jetpack_publicize_feature_enabled":true,"jetpack_social_post_already_shared":false,"jetpack_social_options":{"image_generator_settings":{"template":"highway","default_image_id":0,"enabled":false},"version":2}},"categories":[6,8,1,7,3],"tags":[6192],"class_list":["post-15456","post","type-post","status-publish","format-standard","has-post-thumbnail","hentry","category-cultura-entretenimiento","category-deliberando","category-diario-armstrong","category-politica","category-region","tag-santa-fe-se-realiza-este-lunes-4-la-fiesta-de-los-pueblos-2017"],"jetpack_publicize_connections":[],"jetpack_featured_media_url":"https:\/\/armstrongyregion.com.ar\/diario\/wp-content\/uploads\/2017\/12\/Giaccone-cierre-.jpg","jetpack_shortlink":"https:\/\/wp.me\/p62QDO-41i","jetpack_sharing_enabled":true,"amp_enabled":true,"_links":{"self":[{"href":"https:\/\/armstrongyregion.com.ar\/diario\/wp-json\/wp\/v2\/posts\/15456","targetHints":{"allow":["GET"]}}],"collection":[{"href":"https:\/\/armstrongyregion.com.ar\/diario\/wp-json\/wp\/v2\/posts"}],"about":[{"href":"https:\/\/armstrongyregion.com.ar\/diario\/wp-json\/wp\/v2\/types\/post"}],"author":[{"embeddable":true,"href":"https:\/\/armstrongyregion.com.ar\/diario\/wp-json\/wp\/v2\/users\/1"}],"replies":[{"embeddable":true,"href":"https:\/\/armstrongyregion.com.ar\/diario\/wp-json\/wp\/v2\/comments?post=15456"}],"version-history":[{"count":0,"href":"https:\/\/armstrongyregion.com.ar\/diario\/wp-json\/wp\/v2\/posts\/15456\/revisions"}],"wp:featuredmedia":[{"embeddable":true,"href":"https:\/\/armstrongyregion.com.ar\/diario\/wp-json\/wp\/v2\/media\/15457"}],"wp:attachment":[{"href":"https:\/\/armstrongyregion.com.ar\/diario\/wp-json\/wp\/v2\/media?parent=15456"}],"wp:term":[{"taxonomy":"category","embeddable":true,"href":"https:\/\/armstrongyregion.com.ar\/diario\/wp-json\/wp\/v2\/categories?post=15456"},{"taxonomy":"post_tag","embeddable":true,"href":"https:\/\/armstrongyregion.com.ar\/diario\/wp-json\/wp\/v2\/tags?post=15456"}],"curies":[{"name":"wp","href":"https:\/\/api.w.org\/{rel}","templated":true}]}}