{"id":1544,"date":"2015-04-03T23:30:52","date_gmt":"2015-04-03T23:30:52","guid":{"rendered":"https:\/\/armstrongyregion.com.ar\/diario\/?p=1544"},"modified":"2015-04-03T23:30:52","modified_gmt":"2015-04-03T23:30:52","slug":"marcos-cleri-junto-a-cornaglia-precandidato-a-senador-en-las-parejas-las-rosas-armstrong-tortugas-y-bouquet","status":"publish","type":"post","link":"https:\/\/armstrongyregion.com.ar\/diario\/marcos-cleri-junto-a-cornaglia-precandidato-a-senador-en-las-parejas-las-rosas-armstrong-tortugas-y-bouquet\/","title":{"rendered":"Marcos Cleri junto a Cornaglia precandidato a senador en Las Parejas, Las Rosas, Armstrong, Tortugas y Bouquet."},"content":{"rendered":"<p><a href=\"http:\/\/armstrongyregion.com.ar\/diario\/wp-content\/uploads\/2015\/04\/marcos-cleri-en-armstrong.jpg\"><img loading=\"lazy\" decoding=\"async\" class=\"alignnone size-medium wp-image-1545\" src=\"http:\/\/armstrongyregion.com.ar\/diario\/wp-content\/uploads\/2015\/04\/marcos-cleri-en-armstrong-300x199.jpg\" alt=\"marcos cleri en armstrong\" width=\"300\" height=\"199\" srcset=\"https:\/\/armstrongyregion.com.ar\/diario\/wp-content\/uploads\/2015\/04\/marcos-cleri-en-armstrong-300x199.jpg 300w, https:\/\/armstrongyregion.com.ar\/diario\/wp-content\/uploads\/2015\/04\/marcos-cleri-en-armstrong.jpg 752w\" sizes=\"auto, (max-width: 300px) 100vw, 300px\" \/><\/a>\u201cLa valoraci\u00f3n del proyecto nacional es la base del crecimiento del Frente Justicialista para la Victoria en nuestra provincia\u201d<br \/>\n\u201cEn el departamento Belgrano tambi\u00e9n se siente el reconocimiento a un modo de concebir la pol\u00edtica, que es estar al servicio de los que trabajan, de los que emprenden, de los que apuestan al esfuerzo colectivo y la solidaridad para sostener el camino de desarrollo y justicia social que iniciamos en el a\u00f1o 2003 y hoy sigue de la mano de la Presidenta\u201d, dijo el diputado nacional Marcos Cleri, tras visitar, ayer, las localidades de Las Parejas, Las Rosas, Armstrong, Tortugas y Bouquet, acompa\u00f1ado por Diego Mansilla y Guillermo Cornaglia, precandidato a senador provincial.<br \/>\n\u201cEs esta valoraci\u00f3n positiva del proyecto de transformaci\u00f3n nacional una de las bases que ha generado el creciente respaldo al Frente Justicialista para la Victoria en nuestra provincia. Nuestros candidatos para todos los espacios institucionales que est\u00e1n en juego reciben el mismo mensaje: hay que instalar en Santa Fe gestiones de acci\u00f3n, de realizaciones, de trabajo concreto a favor de la producci\u00f3n, de la industria, del empleo, de la paz social\u201d, subray\u00f3 Marcos Cleri, cuyas actividades en el departamento Belgrano comenzaron este viernes a la ma\u00f1ana en la ciudad de Las Parejas.<br \/>\nAll\u00ed, junto con Cornaglia, el actual titular del Ejecutivo municipal Diego Mansilla y Horacio Compagnucci, candidato a intendente para estas pr\u00f3ximas elecciones, el legislador nacional particip\u00f3 de la apertura de los sobres de licitaci\u00f3n para la construcci\u00f3n del nuevo Cepla, espacio impulsado por el gobierno nacional para el tratamiento de j\u00f3venes cuyos derechos han sido vulnerados y se encuentran en riesgo frente al problema de las adicciones. Adem\u00e1s, Cleri visit\u00f3, junto con el nuevo Director de Parques Industriales Daniel Scarpeciola, las plantas de B\u00fafalo, radicada en Las Parejas y Pla, en Las Rosas, donde se sum\u00f3 a la recorrida Daniel Forgia. Ambas empresas se dedican a la agroindustria y han tenido un fuerte crecimiento en los \u00faltimos a\u00f1os.<br \/>\nDespu\u00e9s, en Armstrong, hubo otra recorrida por una empresa metalmec\u00e1nica y tambi\u00e9n por escuelas que recibieron el subsidio para reparaciones menores del Ministerio de Educaci\u00f3n de la Naci\u00f3n.<br \/>\nEn Tortugas, con el presidente comunal Jorge Besso, Marcos Cleri, Diego Mart\u00edn Mansilla y Guillermo Cornaglia estuvieron en el club Hogar de la Tercera Edad y visitaron una f\u00e1brica de zapatillas.<br \/>\nEl cierre de la jornada, en tanto, fue en Bouquet, cuya comuna es presidida por Cornaglia, quien junto con Mansilla y el diputado nacional del Frente para la Victoria encabezaron un masivo acto.<\/p>\n","protected":false},"excerpt":{"rendered":"<p>\u201cLa valoraci\u00f3n del proyecto nacional es la base del crecimiento del Frente Justicialista para la Victoria en nuestra provincia\u201d \u201cEn el departamento Belgrano tambi\u00e9n se siente el reconocimiento a un modo de concebir la pol\u00edtica, que es estar al servicio de los que trabajan, de los que emprenden, de los que apuestan al esfuerzo colectivo <a href=\"https:\/\/armstrongyregion.com.ar\/diario\/marcos-cleri-junto-a-cornaglia-precandidato-a-senador-en-las-parejas-las-rosas-armstrong-tortugas-y-bouquet\/\" title=\"Read more\" >&#8230;<\/a><\/p>\n","protected":false},"author":2,"featured_media":1545,"comment_status":"open","ping_status":"open","sticky":false,"template":"","format":"standard","meta":{"_jetpack_memberships_contains_paid_content":false,"footnotes":"","jetpack_publicize_message":"","jetpack_publicize_feature_enabled":true,"jetpack_social_post_already_shared":false,"jetpack_social_options":{"image_generator_settings":{"template":"highway","default_image_id":0,"enabled":false},"version":2}},"categories":[1,7,3],"tags":[33,20,229,223,1324,15,290,23,222,24,957,361,238,693,13],"class_list":["post-1544","post","type-post","status-publish","format-standard","has-post-thumbnail","hentry","category-diario-armstrong","category-politica","category-region","tag-a","tag-armstrong","tag-bouquet","tag-cleri","tag-cornaglia","tag-en","tag-junto","tag-las","tag-marcos","tag-parejas","tag-precandidato","tag-rosas","tag-senador","tag-tortugas","tag-y"],"jetpack_publicize_connections":[],"jetpack_featured_media_url":"https:\/\/armstrongyregion.com.ar\/diario\/wp-content\/uploads\/2015\/04\/marcos-cleri-en-armstrong.jpg","jetpack_shortlink":"https:\/\/wp.me\/p62QDO-oU","jetpack_sharing_enabled":true,"amp_enabled":true,"_links":{"self":[{"href":"https:\/\/armstrongyregion.com.ar\/diario\/wp-json\/wp\/v2\/posts\/1544","targetHints":{"allow":["GET"]}}],"collection":[{"href":"https:\/\/armstrongyregion.com.ar\/diario\/wp-json\/wp\/v2\/posts"}],"about":[{"href":"https:\/\/armstrongyregion.com.ar\/diario\/wp-json\/wp\/v2\/types\/post"}],"author":[{"embeddable":true,"href":"https:\/\/armstrongyregion.com.ar\/diario\/wp-json\/wp\/v2\/users\/2"}],"replies":[{"embeddable":true,"href":"https:\/\/armstrongyregion.com.ar\/diario\/wp-json\/wp\/v2\/comments?post=1544"}],"version-history":[{"count":0,"href":"https:\/\/armstrongyregion.com.ar\/diario\/wp-json\/wp\/v2\/posts\/1544\/revisions"}],"wp:featuredmedia":[{"embeddable":true,"href":"https:\/\/armstrongyregion.com.ar\/diario\/wp-json\/wp\/v2\/media\/1545"}],"wp:attachment":[{"href":"https:\/\/armstrongyregion.com.ar\/diario\/wp-json\/wp\/v2\/media?parent=1544"}],"wp:term":[{"taxonomy":"category","embeddable":true,"href":"https:\/\/armstrongyregion.com.ar\/diario\/wp-json\/wp\/v2\/categories?post=1544"},{"taxonomy":"post_tag","embeddable":true,"href":"https:\/\/armstrongyregion.com.ar\/diario\/wp-json\/wp\/v2\/tags?post=1544"}],"curies":[{"name":"wp","href":"https:\/\/api.w.org\/{rel}","templated":true}]}}