{"id":15420,"date":"2017-11-30T20:06:08","date_gmt":"2017-11-30T20:06:08","guid":{"rendered":"https:\/\/armstrongyregion.com.ar\/diario\/?p=15420"},"modified":"2017-11-30T20:06:08","modified_gmt":"2017-11-30T20:06:08","slug":"canada-de-gomez-fudeca-presento-su-nuevo-edificio","status":"publish","type":"post","link":"https:\/\/armstrongyregion.com.ar\/diario\/canada-de-gomez-fudeca-presento-su-nuevo-edificio\/","title":{"rendered":"Ca\u00f1ada de G\u00f3mez. FUDECA present\u00f3 su nuevo edificio."},"content":{"rendered":"<p><a href=\"http:\/\/armstrongyregion.com.ar\/diario\/wp-content\/uploads\/2017\/11\/clerici-cogno-.jpeg\"><img loading=\"lazy\" decoding=\"async\" src=\"http:\/\/armstrongyregion.com.ar\/diario\/wp-content\/uploads\/2017\/11\/clerici-cogno-.jpeg\" alt=\"clerici-cogno-\" width=\"768\" height=\"512\" class=\"alignnone size-full wp-image-15421\" srcset=\"https:\/\/armstrongyregion.com.ar\/diario\/wp-content\/uploads\/2017\/11\/clerici-cogno-.jpeg 768w, https:\/\/armstrongyregion.com.ar\/diario\/wp-content\/uploads\/2017\/11\/clerici-cogno--300x200.jpeg 300w\" sizes=\"auto, (max-width: 768px) 100vw, 768px\" \/><\/a>Con la presencia de la intendenta Stella Cl\u00e9rici y el presidente de la Fundaci\u00f3n para el Desarrollo de Ca\u00f1ada Marcelo Cogno se realiz\u00f3 la inauguraci\u00f3n formal de la nueva sede ubicada en Sarmiento y 7 de Octubre.<\/p>\n<p>La Fundaci\u00f3n para el Desarrollo de Ca\u00f1ada de G\u00f3mez inaugur\u00f3 su nueva sede ubicada en Sarmiento y 7 de Octubre, en un acto encabezado por la intendenta Stella Cl\u00e9rici y el presidente de la Fudeca Marcelo Cogno.<br \/>\nParticiparon adem\u00e1s autoridades e integrantes de la entidad, junto a representantes de instituciones.  \u00abDesde sus dos grandes \u00e1reas, esta instituci\u00f3n se consolid\u00f3 en el fortalecimiento y apoyo a los distintos sectores de la industria y el comercio local y como una importante opci\u00f3n en la ciudad y la regi\u00f3n gracias a la oferta educativa\u201d, destac\u00f3 Cogno.<br \/>\nEn tanto Cl\u00e9rici se\u00f1al\u00f3 a Fudeca como ejemplo \u201cde la sinergia del sector p\u00fablico y privado y los logros que ese trabajo en conjunto generan en beneficio de la comunidad ca\u00f1adense\u201d<\/p>\n","protected":false},"excerpt":{"rendered":"<p>Con la presencia de la intendenta Stella Cl\u00e9rici y el presidente de la Fundaci\u00f3n para el Desarrollo de Ca\u00f1ada Marcelo Cogno se realiz\u00f3 la inauguraci\u00f3n formal de la nueva sede ubicada en Sarmiento y 7 de Octubre. La Fundaci\u00f3n para el Desarrollo de Ca\u00f1ada de G\u00f3mez inaugur\u00f3 su nueva sede ubicada en Sarmiento y 7 <a href=\"https:\/\/armstrongyregion.com.ar\/diario\/canada-de-gomez-fudeca-presento-su-nuevo-edificio\/\" title=\"Read more\" >&#8230;<\/a><\/p>\n","protected":false},"author":1,"featured_media":15421,"comment_status":"open","ping_status":"open","sticky":false,"template":"","format":"standard","meta":{"_jetpack_memberships_contains_paid_content":false,"footnotes":"","jetpack_publicize_message":"","jetpack_publicize_feature_enabled":true,"jetpack_social_post_already_shared":false,"jetpack_social_options":{"image_generator_settings":{"template":"highway","default_image_id":0,"enabled":false},"version":2}},"categories":[8,1,3],"tags":[6180],"class_list":["post-15420","post","type-post","status-publish","format-standard","has-post-thumbnail","hentry","category-deliberando","category-diario-armstrong","category-region","tag-canada-de-gomez-fudeca-presento-su-nuevo-edificio"],"jetpack_publicize_connections":[],"jetpack_featured_media_url":"https:\/\/armstrongyregion.com.ar\/diario\/wp-content\/uploads\/2017\/11\/clerici-cogno-.jpeg","jetpack_shortlink":"https:\/\/wp.me\/p62QDO-40I","jetpack_sharing_enabled":true,"amp_enabled":true,"_links":{"self":[{"href":"https:\/\/armstrongyregion.com.ar\/diario\/wp-json\/wp\/v2\/posts\/15420","targetHints":{"allow":["GET"]}}],"collection":[{"href":"https:\/\/armstrongyregion.com.ar\/diario\/wp-json\/wp\/v2\/posts"}],"about":[{"href":"https:\/\/armstrongyregion.com.ar\/diario\/wp-json\/wp\/v2\/types\/post"}],"author":[{"embeddable":true,"href":"https:\/\/armstrongyregion.com.ar\/diario\/wp-json\/wp\/v2\/users\/1"}],"replies":[{"embeddable":true,"href":"https:\/\/armstrongyregion.com.ar\/diario\/wp-json\/wp\/v2\/comments?post=15420"}],"version-history":[{"count":0,"href":"https:\/\/armstrongyregion.com.ar\/diario\/wp-json\/wp\/v2\/posts\/15420\/revisions"}],"wp:featuredmedia":[{"embeddable":true,"href":"https:\/\/armstrongyregion.com.ar\/diario\/wp-json\/wp\/v2\/media\/15421"}],"wp:attachment":[{"href":"https:\/\/armstrongyregion.com.ar\/diario\/wp-json\/wp\/v2\/media?parent=15420"}],"wp:term":[{"taxonomy":"category","embeddable":true,"href":"https:\/\/armstrongyregion.com.ar\/diario\/wp-json\/wp\/v2\/categories?post=15420"},{"taxonomy":"post_tag","embeddable":true,"href":"https:\/\/armstrongyregion.com.ar\/diario\/wp-json\/wp\/v2\/tags?post=15420"}],"curies":[{"name":"wp","href":"https:\/\/api.w.org\/{rel}","templated":true}]}}