{"id":15416,"date":"2017-11-30T12:06:11","date_gmt":"2017-11-30T12:06:11","guid":{"rendered":"https:\/\/armstrongyregion.com.ar\/diario\/?p=15416"},"modified":"2017-11-30T12:06:11","modified_gmt":"2017-11-30T12:06:11","slug":"diputados-por-un-dia-rechazan-la-reforma-laboral","status":"publish","type":"post","link":"https:\/\/armstrongyregion.com.ar\/diario\/diputados-por-un-dia-rechazan-la-reforma-laboral\/","title":{"rendered":"Diputados por un d\u00eda rechazan la reforma laboral."},"content":{"rendered":"<p><a href=\"http:\/\/armstrongyregion.com.ar\/diario\/wp-content\/uploads\/2017\/11\/Sol\u00eds-Camara.jpeg\"><img loading=\"lazy\" decoding=\"async\" src=\"http:\/\/armstrongyregion.com.ar\/diario\/wp-content\/uploads\/2017\/11\/Sol\u00eds-Camara.jpeg\" alt=\"Sol\u00eds-Camara\" width=\"768\" height=\"460\" class=\"alignnone size-full wp-image-15417\" srcset=\"https:\/\/armstrongyregion.com.ar\/diario\/wp-content\/uploads\/2017\/11\/Sol\u00eds-Camara.jpeg 768w, https:\/\/armstrongyregion.com.ar\/diario\/wp-content\/uploads\/2017\/11\/Sol\u00eds-Camara-300x180.jpeg 300w\" sizes=\"auto, (max-width: 768px) 100vw, 768px\" \/><\/a>Por primera vez el programa Pido la Palabra tuvo participantes del mundo del trabajo.<\/p>\n<p>     El diputado Miguel Solis presid\u00edo el martes 28 de noviembre una jornada hist\u00f3rica en el marco del programa \u201cDiputado por un D\u00eda\u201d de la C\u00e1mara de Diputados de la provincia de Santa Fe, donde las 50 bancas estuvieron ocupadas por trabajadores y delegados gremiales de distintas localidades de la provincia.<br \/>\n     Implementado por el  Instituto de Capacitaci\u00f3n Parlamentaria(ICAP), y dirigido a estudiantes secundarios y universitarios,  permite a los participantes que por un d\u00eda son diputados, tratar distintos proyectos de su autor\u00eda en el recinto, fundamentarlos,  debatirlos y someterlos a votaci\u00f3n, que de ser aprobados, pasan a mesa de entrada y desde all\u00ed, a las distintas comisiones parlamentarias.<br \/>\n    <a href=\"http:\/\/armstrongyregion.com.ar\/diario\/wp-content\/uploads\/2017\/11\/Solis.-trabajando-.jpg\"><img loading=\"lazy\" decoding=\"async\" src=\"http:\/\/armstrongyregion.com.ar\/diario\/wp-content\/uploads\/2017\/11\/Solis.-trabajando-.jpg\" alt=\"Solis. trabajando-\" width=\"768\" height=\"432\" class=\"alignnone size-full wp-image-15418\" srcset=\"https:\/\/armstrongyregion.com.ar\/diario\/wp-content\/uploads\/2017\/11\/Solis.-trabajando-.jpg 768w, https:\/\/armstrongyregion.com.ar\/diario\/wp-content\/uploads\/2017\/11\/Solis.-trabajando--300x169.jpg 300w\" sizes=\"auto, (max-width: 768px) 100vw, 768px\" \/><\/a> En esta ocasi\u00f3n in\u00e9dita, coordinada por el presidente del CELyS, Gerardo Attolini, fueron trabajadores los que ocuparon las bancas.  Estuvieron presentes delegados y representantes gremiales de ATE, trabajadores metal\u00fargicos, la Bancaria, Empleados Municipales y del Ministerio de Trabajo, Luz y Fuerza, delegados docentes, del  COAT, de la Universidad, UPCN, Sindicato Qu\u00edmico, Empleado de Comercio, Sindicato del Cuero, Papeleros, delegados gremiales del T\u00fanel Hernandarias y representantes del Proyecto Colegio profesionales Seguridad e Higiene. Tambi\u00e9n participaron los concejales electos de Las Parejas, Sandra Clerici y David Medina.<\/p>\n<p>RECHAZO UNANIME A  LA REFORMA LABORAL   <\/p>\n<p>    En la hist\u00f3rica sesi\u00f3n n\u00ba 439 de Dx1D del 28 de noviembre, fueron discutidos y aprobados los diez proyectos presentados, entre ellos,  varios elaborados por trabajadores metal\u00fargicos de Las Parejas.<br \/>\n    Se unificaron aquellos proyectos de declaraci\u00f3n que se refer\u00edan a la reforma laboral impulsada por el gobierno nacional, solicitando el rechazo a dicha propuesta, que fue aprobada por unanimidad.<br \/>\n    Cada uno de los oradores coincidi\u00f3 en que la reforma ataca directamente la Ley Contrato de Trabajo y atenta contra las conquistas de a\u00f1os de lucha sindical,  los derechos irrenunciables y adquiridos por los trabajadores, precariza las condiciones laborales, reduce  salarios, desfinancia las cajas previsionales y desprotege  al m\u00e1s d\u00e9bil ante conflictos con la patronal, entre los argumentos destacados. <\/p>\n","protected":false},"excerpt":{"rendered":"<p>Por primera vez el programa Pido la Palabra tuvo participantes del mundo del trabajo. El diputado Miguel Solis presid\u00edo el martes 28 de noviembre una jornada hist\u00f3rica en el marco del programa \u201cDiputado por un D\u00eda\u201d de la C\u00e1mara de Diputados de la provincia de Santa Fe, donde las 50 bancas estuvieron ocupadas por trabajadores <a href=\"https:\/\/armstrongyregion.com.ar\/diario\/diputados-por-un-dia-rechazan-la-reforma-laboral\/\" title=\"Read more\" >&#8230;<\/a><\/p>\n","protected":false},"author":1,"featured_media":15417,"comment_status":"open","ping_status":"open","sticky":false,"template":"","format":"standard","meta":{"_jetpack_memberships_contains_paid_content":false,"footnotes":"","jetpack_publicize_message":"","jetpack_publicize_feature_enabled":true,"jetpack_social_post_already_shared":false,"jetpack_social_options":{"image_generator_settings":{"template":"highway","default_image_id":0,"enabled":false},"version":2}},"categories":[8,1,2,7,3],"tags":[6179],"class_list":["post-15416","post","type-post","status-publish","format-standard","has-post-thumbnail","hentry","category-deliberando","category-diario-armstrong","category-locales","category-politica","category-region","tag-diputados-por-un-dia-rechazan-la-reforma-laboral"],"jetpack_publicize_connections":[],"jetpack_featured_media_url":"https:\/\/armstrongyregion.com.ar\/diario\/wp-content\/uploads\/2017\/11\/Sol\u00eds-Camara.jpeg","jetpack_shortlink":"https:\/\/wp.me\/p62QDO-40E","jetpack_sharing_enabled":true,"amp_enabled":true,"_links":{"self":[{"href":"https:\/\/armstrongyregion.com.ar\/diario\/wp-json\/wp\/v2\/posts\/15416","targetHints":{"allow":["GET"]}}],"collection":[{"href":"https:\/\/armstrongyregion.com.ar\/diario\/wp-json\/wp\/v2\/posts"}],"about":[{"href":"https:\/\/armstrongyregion.com.ar\/diario\/wp-json\/wp\/v2\/types\/post"}],"author":[{"embeddable":true,"href":"https:\/\/armstrongyregion.com.ar\/diario\/wp-json\/wp\/v2\/users\/1"}],"replies":[{"embeddable":true,"href":"https:\/\/armstrongyregion.com.ar\/diario\/wp-json\/wp\/v2\/comments?post=15416"}],"version-history":[{"count":0,"href":"https:\/\/armstrongyregion.com.ar\/diario\/wp-json\/wp\/v2\/posts\/15416\/revisions"}],"wp:featuredmedia":[{"embeddable":true,"href":"https:\/\/armstrongyregion.com.ar\/diario\/wp-json\/wp\/v2\/media\/15417"}],"wp:attachment":[{"href":"https:\/\/armstrongyregion.com.ar\/diario\/wp-json\/wp\/v2\/media?parent=15416"}],"wp:term":[{"taxonomy":"category","embeddable":true,"href":"https:\/\/armstrongyregion.com.ar\/diario\/wp-json\/wp\/v2\/categories?post=15416"},{"taxonomy":"post_tag","embeddable":true,"href":"https:\/\/armstrongyregion.com.ar\/diario\/wp-json\/wp\/v2\/tags?post=15416"}],"curies":[{"name":"wp","href":"https:\/\/api.w.org\/{rel}","templated":true}]}}