{"id":1540,"date":"2015-04-03T23:15:07","date_gmt":"2015-04-03T23:15:07","guid":{"rendered":"https:\/\/armstrongyregion.com.ar\/diario\/?p=1540"},"modified":"2015-04-03T23:15:07","modified_gmt":"2015-04-03T23:15:07","slug":"armstrong-se-conmemoro-el-dia-del-veterano-y-los-caidos-en-malvinas","status":"publish","type":"post","link":"https:\/\/armstrongyregion.com.ar\/diario\/armstrong-se-conmemoro-el-dia-del-veterano-y-los-caidos-en-malvinas\/","title":{"rendered":"Armstrong. Se conmemor\u00f3 el d\u00eda del veterano y los ca\u00eddos en Malvinas."},"content":{"rendered":"<p><a href=\"http:\/\/armstrongyregion.com.ar\/diario\/wp-content\/uploads\/2015\/04\/17283_809910235763228_8305361063059148967_n.jpg\"><img loading=\"lazy\" decoding=\"async\" class=\"alignnone size-medium wp-image-1541\" src=\"http:\/\/armstrongyregion.com.ar\/diario\/wp-content\/uploads\/2015\/04\/17283_809910235763228_8305361063059148967_n-300x199.jpg\" alt=\"Verdecchia Malvinas\" width=\"300\" height=\"199\" srcset=\"https:\/\/armstrongyregion.com.ar\/diario\/wp-content\/uploads\/2015\/04\/17283_809910235763228_8305361063059148967_n-300x199.jpg 300w, https:\/\/armstrongyregion.com.ar\/diario\/wp-content\/uploads\/2015\/04\/17283_809910235763228_8305361063059148967_n.jpg 752w\" sizes=\"auto, (max-width: 300px) 100vw, 300px\" \/><\/a>El pasado jueves 2 de abril, a las 10 hs en la Plaza Claudio Giaretti, se conmemoro el D\u00eda del Veterano y los Ca\u00eddos en la Guerra de Malvinas.<br \/>\nSe encontraban presentes el Sr. Intendente Municipal Dr. Pablo Verdecchia acompa\u00f1ado por funcionarios de su Gobierno, Concejales, Fuerzas de Seguridad, escuelas y clubes con sus abanderados, entidades gremiales, civiles, profesionales, asistieron tambi\u00e9n veteranos de guerra, familiares de Claudio Giaretti y p\u00fablico en general.<br \/>\nEl Dr. Pablo Verdecchia, en un fragmento de su discurso, dijo: \u00abSi bien han pasado m\u00e1s de 30 a\u00f1os de Armstrong sin la presencia f\u00edsica de Claudio, \u00e9l est\u00e1 presente siempre con nosotros, no s\u00f3lo en esta plaza que lleva su nombre, sino en cada bandera que flamea en la ciudad, en cada ni\u00f1o que acude a la escuela, en cada obrero que trabaja, en cada maestra, en cada calle, en cada madre, en cada joven, en cada uno de nosotros. Creo que el mayor homenaje que podemos rendirle, es reiterando y ratificando nuestro compromiso de proceder como ciudadanos que se involucran y comprometen. Y no cabe duda que Claudio ha dado muestras de su condici\u00f3n de ciudadano comprometido con su corta edad, porque ha entregado su vida por todos nosotros\u201d.<\/p>\n","protected":false},"excerpt":{"rendered":"<p>El pasado jueves 2 de abril, a las 10 hs en la Plaza Claudio Giaretti, se conmemoro el D\u00eda del Veterano y los Ca\u00eddos en la Guerra de Malvinas. Se encontraban presentes el Sr. Intendente Municipal Dr. Pablo Verdecchia acompa\u00f1ado por funcionarios de su Gobierno, Concejales, Fuerzas de Seguridad, escuelas y clubes con sus abanderados, <a href=\"https:\/\/armstrongyregion.com.ar\/diario\/armstrong-se-conmemoro-el-dia-del-veterano-y-los-caidos-en-malvinas\/\" title=\"Read more\" >&#8230;<\/a><\/p>\n","protected":false},"author":2,"featured_media":1541,"comment_status":"open","ping_status":"open","sticky":false,"template":"","format":"standard","meta":{"_jetpack_memberships_contains_paid_content":false,"footnotes":"","jetpack_publicize_message":"","jetpack_publicize_feature_enabled":true,"jetpack_social_post_already_shared":false,"jetpack_social_options":{"image_generator_settings":{"template":"highway","default_image_id":0,"enabled":false},"version":2}},"categories":[1,2],"tags":[1325,1328,1326,53,793,16,15,42,1329,1327,13],"class_list":["post-1540","post","type-post","status-publish","format-standard","has-post-thumbnail","hentry","category-diario-armstrong","category-locales","tag-armstrong-se","tag-caidos","tag-conmemoro","tag-del","tag-dia","tag-el","tag-en","tag-los","tag-malvinas","tag-veterano","tag-y"],"jetpack_publicize_connections":[],"jetpack_featured_media_url":"https:\/\/armstrongyregion.com.ar\/diario\/wp-content\/uploads\/2015\/04\/17283_809910235763228_8305361063059148967_n.jpg","jetpack_shortlink":"https:\/\/wp.me\/p62QDO-oQ","jetpack_sharing_enabled":true,"amp_enabled":true,"_links":{"self":[{"href":"https:\/\/armstrongyregion.com.ar\/diario\/wp-json\/wp\/v2\/posts\/1540","targetHints":{"allow":["GET"]}}],"collection":[{"href":"https:\/\/armstrongyregion.com.ar\/diario\/wp-json\/wp\/v2\/posts"}],"about":[{"href":"https:\/\/armstrongyregion.com.ar\/diario\/wp-json\/wp\/v2\/types\/post"}],"author":[{"embeddable":true,"href":"https:\/\/armstrongyregion.com.ar\/diario\/wp-json\/wp\/v2\/users\/2"}],"replies":[{"embeddable":true,"href":"https:\/\/armstrongyregion.com.ar\/diario\/wp-json\/wp\/v2\/comments?post=1540"}],"version-history":[{"count":0,"href":"https:\/\/armstrongyregion.com.ar\/diario\/wp-json\/wp\/v2\/posts\/1540\/revisions"}],"wp:featuredmedia":[{"embeddable":true,"href":"https:\/\/armstrongyregion.com.ar\/diario\/wp-json\/wp\/v2\/media\/1541"}],"wp:attachment":[{"href":"https:\/\/armstrongyregion.com.ar\/diario\/wp-json\/wp\/v2\/media?parent=1540"}],"wp:term":[{"taxonomy":"category","embeddable":true,"href":"https:\/\/armstrongyregion.com.ar\/diario\/wp-json\/wp\/v2\/categories?post=1540"},{"taxonomy":"post_tag","embeddable":true,"href":"https:\/\/armstrongyregion.com.ar\/diario\/wp-json\/wp\/v2\/tags?post=1540"}],"curies":[{"name":"wp","href":"https:\/\/api.w.org\/{rel}","templated":true}]}}