{"id":15352,"date":"2017-11-23T21:19:10","date_gmt":"2017-11-23T21:19:10","guid":{"rendered":"https:\/\/armstrongyregion.com.ar\/diario\/?p=15352"},"modified":"2017-11-23T21:19:10","modified_gmt":"2017-11-23T21:19:10","slug":"marozzi-la-sesion-preparatoria-es-una-sesion-cerrada-y-ahi-hablaran-sobre-la-presidencia","status":"publish","type":"post","link":"https:\/\/armstrongyregion.com.ar\/diario\/marozzi-la-sesion-preparatoria-es-una-sesion-cerrada-y-ahi-hablaran-sobre-la-presidencia\/","title":{"rendered":"Marozzi: \u201cLa sesi\u00f3n preparatoria es una sesi\u00f3n cerrada y ah\u00ed hablaran sobre la presidencia\u201d."},"content":{"rendered":"<p><a href=\"http:\/\/armstrongyregion.com.ar\/diario\/wp-content\/uploads\/2016\/11\/DSC_0202.jpg\"><img loading=\"lazy\" decoding=\"async\" src=\"http:\/\/armstrongyregion.com.ar\/diario\/wp-content\/uploads\/2016\/11\/DSC_0202-1024x683.jpg\" alt=\"Adrian-Marozzi-\" width=\"800\" height=\"534\" class=\"alignnone size-large wp-image-10532\" srcset=\"https:\/\/armstrongyregion.com.ar\/diario\/wp-content\/uploads\/2016\/11\/DSC_0202-1024x683.jpg 1024w, https:\/\/armstrongyregion.com.ar\/diario\/wp-content\/uploads\/2016\/11\/DSC_0202-300x200.jpg 300w\" sizes=\"auto, (max-width: 800px) 100vw, 800px\" \/><\/a>En la sesi\u00f3n del pr\u00f3ximo pasado martes, se aprob\u00f3 el aumento de un 10% de la patente \u00fanica de veh\u00edculos, que corresponder\u00eda a la sexta cuota para el a\u00f1o 2018. El Pte del Concejo Adrian Marozzi expres\u00f3 \u201cEl tema m\u00e1s relevante ha sido el aumento de la \u00faltima cuota de patente, para que el ejecutivo pueda incrementar la misma deb\u00eda de ser aprobada por el concejo y en este caso lo fue por mayor\u00eda\u201d.<br \/>\nEl martes pr\u00f3ximo se concretar\u00eda la sesi\u00f3n preparatoria, Marozzi fue consultado por el clima que se vive previo a este debate. \u201cLuego de la sesi\u00f3n ordinaria se reunir\u00e1n los integrantes del nuevo concejo, esta sesi\u00f3n preparatoria es una sesi\u00f3n cerrada y ah\u00ed hablaran sobre la presidencia, las diversas comisiones, en realidad yo me retiro y no estoy en el folclore propiamente dicho, pero creo que llegaran a un pronto acuerdo, creo que hay maduraci\u00f3n pol\u00edtica\u201d. Finaliz\u00f3 el actual presidente.<\/p>\n","protected":false},"excerpt":{"rendered":"<p>En la sesi\u00f3n del pr\u00f3ximo pasado martes, se aprob\u00f3 el aumento de un 10% de la patente \u00fanica de veh\u00edculos, que corresponder\u00eda a la sexta cuota para el a\u00f1o 2018. El Pte del Concejo Adrian Marozzi expres\u00f3 \u201cEl tema m\u00e1s relevante ha sido el aumento de la \u00faltima cuota de patente, para que el ejecutivo <a href=\"https:\/\/armstrongyregion.com.ar\/diario\/marozzi-la-sesion-preparatoria-es-una-sesion-cerrada-y-ahi-hablaran-sobre-la-presidencia\/\" title=\"Read more\" >&#8230;<\/a><\/p>\n","protected":false},"author":1,"featured_media":7249,"comment_status":"open","ping_status":"open","sticky":false,"template":"","format":"standard","meta":{"_jetpack_memberships_contains_paid_content":false,"footnotes":"","jetpack_publicize_message":"","jetpack_publicize_feature_enabled":true,"jetpack_social_post_already_shared":false,"jetpack_social_options":{"image_generator_settings":{"template":"highway","default_image_id":0,"enabled":false},"version":2}},"categories":[8,1,2,7],"tags":[6157],"class_list":["post-15352","post","type-post","status-publish","format-standard","has-post-thumbnail","hentry","category-deliberando","category-diario-armstrong","category-locales","category-politica","tag-marozzi-la-sesion-preparatoria-es-una-sesion-cerrada-y-ahi-hablaran-sobre-la-presidencia"],"jetpack_publicize_connections":[],"jetpack_featured_media_url":"https:\/\/armstrongyregion.com.ar\/diario\/wp-content\/uploads\/2016\/04\/DSC_0264.jpg","jetpack_shortlink":"https:\/\/wp.me\/p62QDO-3ZC","jetpack_sharing_enabled":true,"amp_enabled":true,"_links":{"self":[{"href":"https:\/\/armstrongyregion.com.ar\/diario\/wp-json\/wp\/v2\/posts\/15352","targetHints":{"allow":["GET"]}}],"collection":[{"href":"https:\/\/armstrongyregion.com.ar\/diario\/wp-json\/wp\/v2\/posts"}],"about":[{"href":"https:\/\/armstrongyregion.com.ar\/diario\/wp-json\/wp\/v2\/types\/post"}],"author":[{"embeddable":true,"href":"https:\/\/armstrongyregion.com.ar\/diario\/wp-json\/wp\/v2\/users\/1"}],"replies":[{"embeddable":true,"href":"https:\/\/armstrongyregion.com.ar\/diario\/wp-json\/wp\/v2\/comments?post=15352"}],"version-history":[{"count":0,"href":"https:\/\/armstrongyregion.com.ar\/diario\/wp-json\/wp\/v2\/posts\/15352\/revisions"}],"wp:featuredmedia":[{"embeddable":true,"href":"https:\/\/armstrongyregion.com.ar\/diario\/wp-json\/wp\/v2\/media\/7249"}],"wp:attachment":[{"href":"https:\/\/armstrongyregion.com.ar\/diario\/wp-json\/wp\/v2\/media?parent=15352"}],"wp:term":[{"taxonomy":"category","embeddable":true,"href":"https:\/\/armstrongyregion.com.ar\/diario\/wp-json\/wp\/v2\/categories?post=15352"},{"taxonomy":"post_tag","embeddable":true,"href":"https:\/\/armstrongyregion.com.ar\/diario\/wp-json\/wp\/v2\/tags?post=15352"}],"curies":[{"name":"wp","href":"https:\/\/api.w.org\/{rel}","templated":true}]}}